{"id":6516,"date":"2016-05-19T18:43:14","date_gmt":"2016-05-19T16:43:14","guid":{"rendered":"http:\/\/fish-festival.de\/?p=6516"},"modified":"2017-04-07T16:38:03","modified_gmt":"2017-04-07T14:38:03","slug":"die-gewinner-des-medienkompetenz-preises-2016","status":"publish","type":"post","link":"https:\/\/fish-festival.de\/en\/die-gewinner-des-medienkompetenz-preises-2016\/","title":{"rendered":"Die Gewinner des Medienkompetenz-Preises 2016"},"content":{"rendered":"<div class=\"fusion-fullwidth fullwidth-box fusion-builder-row-1 hundred-percent-fullwidth non-hundred-percent-height-scrolling\" style=\"background-color: rgba(255,255,255,0);background-position: center center;background-repeat: no-repeat;padding-top:0px;padding-right:0px;padding-bottom:0px;padding-left:0px;margin-bottom: 0px;margin-top: 0px;border-width: 0px 0px 0px 0px;border-color:#eae9e9;border-style:solid;\" ><div class=\"fusion-builder-row fusion-row\"><div class=\"fusion-layout-column fusion_builder_column fusion-builder-column-0 fusion_builder_column_1_1 1_1 fusion-one-full fusion-column-first fusion-column-last\" style=\"margin-top:0px;margin-bottom:0px;\"><div class=\"fusion-column-wrapper fusion-flex-column-wrapper-legacy\" style=\"background-position:left top;background-repeat:no-repeat;-webkit-background-size:cover;-moz-background-size:cover;-o-background-size:cover;background-size:cover;padding: 0px 0px 0px 0px;\"><div class=\"fusion-text fusion-text-1\"><p>Seit 2006 schreibt die Medienanstalt Mecklenburg-Vorpommern gemeinsam mit dem Ministerium f\u00fcr Bildung, Wissenschaft und Kultur den Medienkompetenz-Preis Mecklenburg-Vorpommern, um innovative medienp\u00e4dagogische Arbeit im Land zu pr\u00e4mieren und zu f\u00f6rdern. Die Preisverleihung bildet traditionell den Auftakt des FiSH &#8211; Filmfestivals im StadtHafen, welches in diesem Jahr vom 19. bis 22. Mai in Rostock statt findet.<\/p>\n<p>Der Preis wird in den Kategorien \u201eAu\u00dferschulische Projekte\u201c sowie \u201eSchulische Projekte\u201c vergeben, und ist mit jeweils 1.000 \u20ac dotiert. Zus\u00e4tzlich wurde in diesem Jahr der Themenreis \u201eNachhaltige Zukunft\u201c durch die Akademie f\u00fcr nachhaltige Entwicklung vergeben. Die Gewinner des Medienkompetenz-Preises 2016 wurden heute Nachmittag in der Hochschule f\u00fcr Theater und Musik in Rostock aus insgesamt 40 eingereichten Projekten bekannt gegeben.<br \/>\nAusgezeichnet wurde in der Kategorie \u201eAu\u00dferschulische Projekte\u201c das Richard-Wossidlo-Gymnasium Waren (M\u00fcritz) und die RAAbatz Medienwerkstatt Mecklenburgische Seenplatte (RAA MV) f\u00fcr das Video-Projekt \u201eLIFE BELONGS TO THE LIVING\u201c.<br \/>\nDas Medienprojekt verbindet medienp\u00e4dagogische Arbeit mit historisch-politischer Bildungsarbeit f\u00fcr Sch\u00fclerinnen und Sch\u00fcler in Form von pers\u00f6nlichen Begegnungen mit Zeitzeugen des zweiten Weltkrieges, und die damit verbundene filmische Aufarbeitung. Ziel des Projektes ist es, den Jugendlichen die Zeit des Nationalsozialismus mit seinen Schrecken und weitreichenden Folgen zu vermitteln.<\/p>\n<p>In der Kategorie \u201eSchulische Projekte\u201c wurde das Video-Projekt \u201eFlugversuche\u201c des Sonderp\u00e4dagogischen F\u00f6rderzentrums \u201ePestalozzi\u201c Waren (M\u00fcritz) pr\u00e4miert.<br \/>\nIn dem Projekt haben sich die Sch\u00fclerinnen und Sch\u00fcler der Klasse 9b des Sonderp\u00e4dagogischen F\u00f6rderzentrums erstmals an filmische Arbeit gewagt, und sich mit Konflikten in der Schule auseinandergesetzt.<\/p>\n<p>Der Themenpreis mit dem Schwerpunkt \u201eNachhaltige Zukunft\u201c wurde an den Schulverein der Regionalen Schule Altenkirchen e.V. f\u00fcr das Video-Projekt \u201eDie Fischer auf R\u00fcgen &#8211; ein Beruf im Wandel der Zeit\u201c vergeben.<br \/>\nDie beteiligen Sch\u00fclerinnen und Sch\u00fcler geben in dem entstandenen Dokumentarfilm einen Einblick in das Leben der letzten aktiven K\u00fcstenfischer vor R\u00fcgen und berichten von deren Arbeit und die den damit verbundenen Problemen.<\/p>\n<\/div><div class=\"fusion-clearfix\"><\/div><\/div><\/div><div class=\"fusion-layout-column fusion_builder_column fusion-builder-column-1 fusion_builder_column_1_2 1_2 fusion-one-half fusion-column-first\" style=\"width:48%; margin-right: 4%;margin-top:0px;margin-bottom:0px;\"><div class=\"fusion-column-wrapper fusion-flex-column-wrapper-legacy\" style=\"background-position:left top;background-repeat:no-repeat;-webkit-background-size:cover;-moz-background-size:cover;-o-background-size:cover;background-size:cover;padding: 0px 0px 0px 0px;\"><span class=\" fusion-imageframe imageframe-none imageframe-1 hover-type-none\"><img decoding=\"async\" src=\"data:image\/gif;base64,R0lGODlhAQABAAAAACH5BAEKAAEALAAAAAABAAEAAAICTAEAOw==\" data-orig-src=\"http:\/\/fish-festival.de\/wp-content\/uploads\/2016\/05\/meko_gewinner_2016_schulisch.jpg\" alt class=\"lazyload img-responsive\"\/><\/span><div class=\"fusion-clearfix\"><\/div><\/div><\/div><div class=\"fusion-layout-column fusion_builder_column fusion-builder-column-2 fusion_builder_column_1_2 1_2 fusion-one-half fusion-column-last\" style=\"width:48%;margin-top:0px;margin-bottom:0px;\"><div class=\"fusion-column-wrapper fusion-flex-column-wrapper-legacy\" style=\"background-position:left top;background-repeat:no-repeat;-webkit-background-size:cover;-moz-background-size:cover;-o-background-size:cover;background-size:cover;padding: 0px 0px 0px 0px;\"><span class=\" fusion-imageframe imageframe-none imageframe-2 hover-type-none\"><img decoding=\"async\" src=\"data:image\/gif;base64,R0lGODlhAQABAAAAACH5BAEKAAEALAAAAAABAAEAAAICTAEAOw==\" data-orig-src=\"http:\/\/fish-festival.de\/wp-content\/uploads\/2016\/05\/meko_gewinner_2016_themenpreis.jpg\" alt class=\"lazyload img-responsive\"\/><\/span><div class=\"fusion-clearfix\"><\/div><\/div><\/div><\/div><style type=\"text\/css\">.fusion-fullwidth.fusion-builder-row-1 { overflow:visible; }<\/style><\/div>\n","protected":false},"excerpt":{"rendered":"","protected":false},"author":1,"featured_media":6517,"comment_status":"open","ping_status":"open","sticky":false,"template":"","format":"standard","meta":{"om_disable_all_campaigns":false,"_monsterinsights_skip_tracking":false,"_monsterinsights_sitenote_active":false,"_monsterinsights_sitenote_note":"","_monsterinsights_sitenote_category":0,"episode_type":"","audio_file":"","cover_image":"","cover_image_id":"","duration":"","filesize":"","date_recorded":"","explicit":"","block":"","filesize_raw":"","ngg_post_thumbnail":0,"footnotes":""},"categories":[1,10],"tags":[109,108,15,14,13,12],"class_list":["post-6516","post","type-post","status-publish","format-standard","has-post-thumbnail","hentry","category-allgemein","category-medienkompetenz-preis","tag-eroeffnung","tag-hmt","tag-medienkompetenz-preis","tag-meko","tag-mv","tag-rostock"],"aioseo_notices":[],"yoast_head":"<!-- This site is optimized with the Yoast SEO plugin v20.0 - https:\/\/yoast.com\/wordpress\/plugins\/seo\/ -->\n<title>Die Gewinner des Medienkompetenz-Preises 2016 &ndash; FiSH<\/title>\n<meta name=\"robots\" content=\"index, follow, max-snippet:-1, max-image-preview:large, max-video-preview:-1\" \/>\n<link rel=\"canonical\" href=\"https:\/\/fish-festival.de\/die-gewinner-des-medienkompetenz-preises-2016\/\" \/>\n<meta property=\"og:locale\" content=\"en_US\" \/>\n<meta property=\"og:type\" content=\"article\" \/>\n<meta property=\"og:title\" content=\"Die Gewinner des Medienkompetenz-Preises 2016 &ndash; FiSH\" \/>\n<meta property=\"og:url\" content=\"https:\/\/fish-festival.de\/die-gewinner-des-medienkompetenz-preises-2016\/\" \/>\n<meta property=\"og:site_name\" content=\"FiSH\" \/>\n<meta property=\"article:publisher\" content=\"https:\/\/www.facebook.com\/fish.filmfestival\" \/>\n<meta property=\"article:published_time\" content=\"2016-05-19T16:43:14+00:00\" \/>\n<meta property=\"article:modified_time\" content=\"2017-04-07T14:38:03+00:00\" \/>\n<meta property=\"og:image\" content=\"https:\/\/fish-festival.de\/wp-content\/uploads\/2016\/05\/meko_gewinner_2016_au\u00dferschulisch.jpg\" \/>\n\t<meta property=\"og:image:width\" content=\"1000\" \/>\n\t<meta property=\"og:image:height\" content=\"667\" \/>\n\t<meta property=\"og:image:type\" content=\"image\/jpeg\" \/>\n<meta name=\"author\" content=\"doktorfish\" \/>\n<meta name=\"twitter:label1\" content=\"Written by\" \/>\n\t<meta name=\"twitter:data1\" content=\"doktorfish\" \/>\n\t<meta name=\"twitter:label2\" content=\"Est. reading time\" \/>\n\t<meta name=\"twitter:data2\" content=\"3 minutes\" \/>\n<script type=\"application\/ld+json\" class=\"yoast-schema-graph\">{\"@context\":\"https:\/\/schema.org\",\"@graph\":[{\"@type\":\"Article\",\"@id\":\"https:\/\/fish-festival.de\/die-gewinner-des-medienkompetenz-preises-2016\/#article\",\"isPartOf\":{\"@id\":\"https:\/\/fish-festival.de\/die-gewinner-des-medienkompetenz-preises-2016\/\"},\"author\":{\"name\":\"doktorfish\",\"@id\":\"https:\/\/fish-festival.de\/#\/schema\/person\/b19b29c33a68e03a4f13a6fefbffeab4\"},\"headline\":\"Die Gewinner des Medienkompetenz-Preises 2016\",\"datePublished\":\"2016-05-19T16:43:14+00:00\",\"dateModified\":\"2017-04-07T14:38:03+00:00\",\"mainEntityOfPage\":{\"@id\":\"https:\/\/fish-festival.de\/die-gewinner-des-medienkompetenz-preises-2016\/\"},\"wordCount\":599,\"commentCount\":0,\"publisher\":{\"@id\":\"https:\/\/fish-festival.de\/#organization\"},\"keywords\":[\"Er\u00f6ffnung\",\"HMT\",\"Medienkompetenz-Preis\",\"MeKo\",\"MV\",\"Rostock\"],\"articleSection\":[\"Allgemein\",\"Medienkompetenz-Preis\"],\"inLanguage\":\"en-US\",\"potentialAction\":[{\"@type\":\"CommentAction\",\"name\":\"Comment\",\"target\":[\"https:\/\/fish-festival.de\/die-gewinner-des-medienkompetenz-preises-2016\/#respond\"]}]},{\"@type\":\"WebPage\",\"@id\":\"https:\/\/fish-festival.de\/die-gewinner-des-medienkompetenz-preises-2016\/\",\"url\":\"https:\/\/fish-festival.de\/die-gewinner-des-medienkompetenz-preises-2016\/\",\"name\":\"Die Gewinner des Medienkompetenz-Preises 2016 &ndash; FiSH\",\"isPartOf\":{\"@id\":\"https:\/\/fish-festival.de\/#website\"},\"datePublished\":\"2016-05-19T16:43:14+00:00\",\"dateModified\":\"2017-04-07T14:38:03+00:00\",\"breadcrumb\":{\"@id\":\"https:\/\/fish-festival.de\/die-gewinner-des-medienkompetenz-preises-2016\/#breadcrumb\"},\"inLanguage\":\"en-US\",\"potentialAction\":[{\"@type\":\"ReadAction\",\"target\":[\"https:\/\/fish-festival.de\/die-gewinner-des-medienkompetenz-preises-2016\/\"]}]},{\"@type\":\"BreadcrumbList\",\"@id\":\"https:\/\/fish-festival.de\/die-gewinner-des-medienkompetenz-preises-2016\/#breadcrumb\",\"itemListElement\":[{\"@type\":\"ListItem\",\"position\":1,\"name\":\"Startseite\",\"item\":\"https:\/\/fish-festival.de\/en\/home\/\"},{\"@type\":\"ListItem\",\"position\":2,\"name\":\"Die Gewinner des Medienkompetenz-Preises 2016\"}]},{\"@type\":\"WebSite\",\"@id\":\"https:\/\/fish-festival.de\/#website\",\"url\":\"https:\/\/fish-festival.de\/\",\"name\":\"FiSH\",\"description\":\"\",\"publisher\":{\"@id\":\"https:\/\/fish-festival.de\/#organization\"},\"potentialAction\":[{\"@type\":\"SearchAction\",\"target\":{\"@type\":\"EntryPoint\",\"urlTemplate\":\"https:\/\/fish-festival.de\/?s={search_term_string}\"},\"query-input\":\"required name=search_term_string\"}],\"inLanguage\":\"en-US\"},{\"@type\":\"Organization\",\"@id\":\"https:\/\/fish-festival.de\/#organization\",\"name\":\"FiSH\",\"url\":\"https:\/\/fish-festival.de\/\",\"logo\":{\"@type\":\"ImageObject\",\"inLanguage\":\"en-US\",\"@id\":\"https:\/\/fish-festival.de\/#\/schema\/logo\/image\/\",\"url\":\"https:\/\/fish-festival.de\/wp-content\/uploads\/2021\/10\/FiSH21-Preisverleihung-5-1024x682.jpg\",\"contentUrl\":\"https:\/\/fish-festival.de\/wp-content\/uploads\/2021\/10\/FiSH21-Preisverleihung-5-1024x682.jpg\",\"width\":1024,\"height\":682,\"caption\":\"FiSH\"},\"image\":{\"@id\":\"https:\/\/fish-festival.de\/#\/schema\/logo\/image\/\"},\"sameAs\":[\"https:\/\/www.instagram.com\/fish_filmfestival\/\",\"https:\/\/www.youtube.com\/user\/FishFestival\",\"https:\/\/www.facebook.com\/fish.filmfestival\",\"https:\/\/twitter.com\/fishfestival\"]},{\"@type\":\"Person\",\"@id\":\"https:\/\/fish-festival.de\/#\/schema\/person\/b19b29c33a68e03a4f13a6fefbffeab4\",\"name\":\"doktorfish\",\"image\":{\"@type\":\"ImageObject\",\"inLanguage\":\"en-US\",\"@id\":\"https:\/\/fish-festival.de\/#\/schema\/person\/image\/\",\"url\":\"https:\/\/secure.gravatar.com\/avatar\/30201a6d2501a1e2d3a50f2cc995da62?s=96&d=mm&r=g\",\"contentUrl\":\"https:\/\/secure.gravatar.com\/avatar\/30201a6d2501a1e2d3a50f2cc995da62?s=96&d=mm&r=g\",\"caption\":\"doktorfish\"}}]}<\/script>\n<!-- \/ Yoast SEO plugin. -->","yoast_head_json":{"title":"Die Gewinner des Medienkompetenz-Preises 2016 &ndash; FiSH","robots":{"index":"index","follow":"follow","max-snippet":"max-snippet:-1","max-image-preview":"max-image-preview:large","max-video-preview":"max-video-preview:-1"},"canonical":"https:\/\/fish-festival.de\/die-gewinner-des-medienkompetenz-preises-2016\/","og_locale":"en_US","og_type":"article","og_title":"Die Gewinner des Medienkompetenz-Preises 2016 &ndash; FiSH","og_url":"https:\/\/fish-festival.de\/die-gewinner-des-medienkompetenz-preises-2016\/","og_site_name":"FiSH","article_publisher":"https:\/\/www.facebook.com\/fish.filmfestival","article_published_time":"2016-05-19T16:43:14+00:00","article_modified_time":"2017-04-07T14:38:03+00:00","og_image":[{"width":1000,"height":667,"url":"https:\/\/fish-festival.de\/wp-content\/uploads\/2016\/05\/meko_gewinner_2016_au\u00dferschulisch.jpg","type":"image\/jpeg"}],"author":"doktorfish","twitter_misc":{"Written by":"doktorfish","Est. reading time":"3 minutes"},"schema":{"@context":"https:\/\/schema.org","@graph":[{"@type":"Article","@id":"https:\/\/fish-festival.de\/die-gewinner-des-medienkompetenz-preises-2016\/#article","isPartOf":{"@id":"https:\/\/fish-festival.de\/die-gewinner-des-medienkompetenz-preises-2016\/"},"author":{"name":"doktorfish","@id":"https:\/\/fish-festival.de\/#\/schema\/person\/b19b29c33a68e03a4f13a6fefbffeab4"},"headline":"Die Gewinner des Medienkompetenz-Preises 2016","datePublished":"2016-05-19T16:43:14+00:00","dateModified":"2017-04-07T14:38:03+00:00","mainEntityOfPage":{"@id":"https:\/\/fish-festival.de\/die-gewinner-des-medienkompetenz-preises-2016\/"},"wordCount":599,"commentCount":0,"publisher":{"@id":"https:\/\/fish-festival.de\/#organization"},"keywords":["Er\u00f6ffnung","HMT","Medienkompetenz-Preis","MeKo","MV","Rostock"],"articleSection":["Allgemein","Medienkompetenz-Preis"],"inLanguage":"en-US","potentialAction":[{"@type":"CommentAction","name":"Comment","target":["https:\/\/fish-festival.de\/die-gewinner-des-medienkompetenz-preises-2016\/#respond"]}]},{"@type":"WebPage","@id":"https:\/\/fish-festival.de\/die-gewinner-des-medienkompetenz-preises-2016\/","url":"https:\/\/fish-festival.de\/die-gewinner-des-medienkompetenz-preises-2016\/","name":"Die Gewinner des Medienkompetenz-Preises 2016 &ndash; FiSH","isPartOf":{"@id":"https:\/\/fish-festival.de\/#website"},"datePublished":"2016-05-19T16:43:14+00:00","dateModified":"2017-04-07T14:38:03+00:00","breadcrumb":{"@id":"https:\/\/fish-festival.de\/die-gewinner-des-medienkompetenz-preises-2016\/#breadcrumb"},"inLanguage":"en-US","potentialAction":[{"@type":"ReadAction","target":["https:\/\/fish-festival.de\/die-gewinner-des-medienkompetenz-preises-2016\/"]}]},{"@type":"BreadcrumbList","@id":"https:\/\/fish-festival.de\/die-gewinner-des-medienkompetenz-preises-2016\/#breadcrumb","itemListElement":[{"@type":"ListItem","position":1,"name":"Startseite","item":"https:\/\/fish-festival.de\/en\/home\/"},{"@type":"ListItem","position":2,"name":"Die Gewinner des Medienkompetenz-Preises 2016"}]},{"@type":"WebSite","@id":"https:\/\/fish-festival.de\/#website","url":"https:\/\/fish-festival.de\/","name":"FiSH","description":"","publisher":{"@id":"https:\/\/fish-festival.de\/#organization"},"potentialAction":[{"@type":"SearchAction","target":{"@type":"EntryPoint","urlTemplate":"https:\/\/fish-festival.de\/?s={search_term_string}"},"query-input":"required name=search_term_string"}],"inLanguage":"en-US"},{"@type":"Organization","@id":"https:\/\/fish-festival.de\/#organization","name":"FiSH","url":"https:\/\/fish-festival.de\/","logo":{"@type":"ImageObject","inLanguage":"en-US","@id":"https:\/\/fish-festival.de\/#\/schema\/logo\/image\/","url":"https:\/\/fish-festival.de\/wp-content\/uploads\/2021\/10\/FiSH21-Preisverleihung-5-1024x682.jpg","contentUrl":"https:\/\/fish-festival.de\/wp-content\/uploads\/2021\/10\/FiSH21-Preisverleihung-5-1024x682.jpg","width":1024,"height":682,"caption":"FiSH"},"image":{"@id":"https:\/\/fish-festival.de\/#\/schema\/logo\/image\/"},"sameAs":["https:\/\/www.instagram.com\/fish_filmfestival\/","https:\/\/www.youtube.com\/user\/FishFestival","https:\/\/www.facebook.com\/fish.filmfestival","https:\/\/twitter.com\/fishfestival"]},{"@type":"Person","@id":"https:\/\/fish-festival.de\/#\/schema\/person\/b19b29c33a68e03a4f13a6fefbffeab4","name":"doktorfish","image":{"@type":"ImageObject","inLanguage":"en-US","@id":"https:\/\/fish-festival.de\/#\/schema\/person\/image\/","url":"https:\/\/secure.gravatar.com\/avatar\/30201a6d2501a1e2d3a50f2cc995da62?s=96&d=mm&r=g","contentUrl":"https:\/\/secure.gravatar.com\/avatar\/30201a6d2501a1e2d3a50f2cc995da62?s=96&d=mm&r=g","caption":"doktorfish"}}]}},"_links":{"self":[{"href":"https:\/\/fish-festival.de\/en\/wp-json\/wp\/v2\/posts\/6516","targetHints":{"allow":["GET"]}}],"collection":[{"href":"https:\/\/fish-festival.de\/en\/wp-json\/wp\/v2\/posts"}],"about":[{"href":"https:\/\/fish-festival.de\/en\/wp-json\/wp\/v2\/types\/post"}],"author":[{"embeddable":true,"href":"https:\/\/fish-festival.de\/en\/wp-json\/wp\/v2\/users\/1"}],"replies":[{"embeddable":true,"href":"https:\/\/fish-festival.de\/en\/wp-json\/wp\/v2\/comments?post=6516"}],"version-history":[{"count":3,"href":"https:\/\/fish-festival.de\/en\/wp-json\/wp\/v2\/posts\/6516\/revisions"}],"predecessor-version":[{"id":8633,"href":"https:\/\/fish-festival.de\/en\/wp-json\/wp\/v2\/posts\/6516\/revisions\/8633"}],"wp:featuredmedia":[{"embeddable":true,"href":"https:\/\/fish-festival.de\/en\/wp-json\/wp\/v2\/media\/6517"}],"wp:attachment":[{"href":"https:\/\/fish-festival.de\/en\/wp-json\/wp\/v2\/media?parent=6516"}],"wp:term":[{"taxonomy":"category","embeddable":true,"href":"https:\/\/fish-festival.de\/en\/wp-json\/wp\/v2\/categories?post=6516"},{"taxonomy":"post_tag","embeddable":true,"href":"https:\/\/fish-festival.de\/en\/wp-json\/wp\/v2\/tags?post=6516"}],"curies":[{"name":"wp","href":"https:\/\/api.w.org\/{rel}","templated":true}]}}