{"id":5402,"date":"2016-01-28T11:17:27","date_gmt":"2016-01-28T10:17:27","guid":{"rendered":"http:\/\/fish-festival.de\/?p=5402"},"modified":"2017-04-07T16:38:03","modified_gmt":"2017-04-07T14:38:03","slug":"thank-danish-ambassador-friis-arne-petersen","status":"publish","type":"post","link":"https:\/\/fish-festival.de\/en\/thank-danish-ambassador-friis-arne-petersen\/","title":{"rendered":"[:de]D\u00e4nischer Botschafter wird Schirmherr[:en]The danish ambassador is patron[:da]Den danske ambassad\u00f8r er protektor[:]"},"content":{"rendered":"<div class=\"fusion-fullwidth fullwidth-box fusion-builder-row-1 hundred-percent-fullwidth non-hundred-percent-height-scrolling\" style=\"background-color: rgba(255,255,255,0);background-position: center center;background-repeat: no-repeat;padding-top:0px;padding-right:0px;padding-bottom:0px;padding-left:0px;margin-bottom: 0px;margin-top: 0px;border-width: 0px 0px 0px 0px;border-color:#eae9e9;border-style:solid;\" ><div class=\"fusion-builder-row fusion-row\"><div class=\"fusion-layout-column fusion_builder_column fusion-builder-column-0 fusion_builder_column_1_1 1_1 fusion-one-full fusion-column-first fusion-column-last fusion-column-no-min-height\" style=\"margin-top:0px;margin-bottom:0px;\"><div class=\"fusion-column-wrapper fusion-flex-column-wrapper-legacy\" style=\"background-position:left top;background-repeat:no-repeat;-webkit-background-size:cover;-moz-background-size:cover;-o-background-size:cover;background-size:cover;padding: 0px 0px 0px 0px;\">[:de]<div class=\"fusion-builder-row fusion-builder-row-inner fusion-row\"><div class=\"fusion-layout-column fusion_builder_column_inner fusion-builder-nested-column-0 fusion_builder_column_inner_1_1 1_1 fusion-one-full fusion-column-first fusion-column-last\" style=\"margin-top:0px;margin-bottom:0px;\"><div class=\"fusion-column-wrapper fusion-flex-column-wrapper-legacy\" style=\"background-position:left top;background-repeat:no-repeat;-webkit-background-size:cover;-moz-background-size:cover;-o-background-size:cover;background-size:cover;padding: 0px 0px 0px 0px;\"><div class=\"fusion-text fusion-text-1\"><p>Vielen Dank! an den d\u00e4nischen Botschafter Friis Arne Petersen.<\/p>\n<p>Wir freuen uns sehr, dass der d\u00e4nische Botschafter in Deutschland, Herr Friis Arne Petersen, Schirmherr der Programmsparte <i>OFF DANMARK<\/i> wird! Wir hoffen sehr, ihn als Gast auf unserem Festival begr\u00fc\u00dften zu k\u00f6nnen, damit er die tolle Atmosph\u00e4re und den baltischen Kulturaustausch selbst erleben kann.<\/p>\n<p>Vielen Dank f\u00fcr die Unterst\u00fctzung, die besonders den jungen, d\u00e4nischen Filmemachern zu Gute kommt!<\/p>\n<p>Mit besten Gr\u00fc\u00dfen,<br \/>\ndas FiSH Team<\/p>\n<\/div><div class=\"fusion-clearfix\"><\/div><\/div><\/div><\/div><div class=\"fusion-clearfix\"><\/div><\/div><\/div><div class=\"fusion-layout-column fusion_builder_column fusion-builder-column-1 fusion_builder_column_1_1 1_1 fusion-one-full fusion-column-first fusion-column-last fusion-column-no-min-height\" style=\"margin-top:0px;margin-bottom:0px;\"><div class=\"fusion-column-wrapper fusion-flex-column-wrapper-legacy\" style=\"background-position:left top;background-repeat:no-repeat;-webkit-background-size:cover;-moz-background-size:cover;-o-background-size:cover;background-size:cover;padding: 0px 0px 0px 0px;\">[:en]<div class=\"fusion-builder-row fusion-builder-row-inner fusion-row\"><div class=\"fusion-layout-column fusion_builder_column_inner fusion-builder-nested-column-1 fusion_builder_column_inner_1_1 1_1 fusion-one-full fusion-column-first fusion-column-last\" style=\"margin-top:0px;margin-bottom:0px;\"><div class=\"fusion-column-wrapper fusion-flex-column-wrapper-legacy\" style=\"background-position:left top;background-repeat:no-repeat;-webkit-background-size:cover;-moz-background-size:cover;-o-background-size:cover;background-size:cover;padding: 0px 0px 0px 0px;\"><div class=\"fusion-text fusion-text-2\"><p>Thank you! to the danish ambassador Friis Arne Petersen.<\/p>\n<p>In particular we would like to thank the danish ambassador in Germany, Friis Arne Petersen, for his patronage of the programme <i>OFF DANMARK<\/i>. It would be a great pleasure to see you at FiSH 2016.<\/p>\n<p>We appreciate a lot that the danish ambassador can and will support the danish program in 2016.<\/p>\n<p>All the best,<br \/>\nthe FiSH Team<\/p>\n<\/div><div class=\"fusion-clearfix\"><\/div><\/div><\/div><\/div><div class=\"fusion-clearfix\"><\/div><\/div><\/div><div class=\"fusion-layout-column fusion_builder_column fusion-builder-column-2 fusion_builder_column_1_1 1_1 fusion-one-full fusion-column-first fusion-column-last fusion-column-no-min-height\" style=\"margin-top:0px;margin-bottom:0px;\"><div class=\"fusion-column-wrapper fusion-flex-column-wrapper-legacy\" style=\"background-position:left top;background-repeat:no-repeat;-webkit-background-size:cover;-moz-background-size:cover;-o-background-size:cover;background-size:cover;padding: 0px 0px 0px 0px;\">[:da]<div class=\"fusion-builder-row fusion-builder-row-inner fusion-row\"><div class=\"fusion-layout-column fusion_builder_column_inner fusion-builder-nested-column-2 fusion_builder_column_inner_1_1 1_1 fusion-one-full fusion-column-first fusion-column-last\" style=\"margin-top:0px;margin-bottom:0px;\"><div class=\"fusion-column-wrapper fusion-flex-column-wrapper-legacy\" style=\"background-position:left top;background-repeat:no-repeat;-webkit-background-size:cover;-moz-background-size:cover;-o-background-size:cover;background-size:cover;padding: 0px 0px 0px 0px;\"><div class=\"fusion-text fusion-text-3\"><p>Tak! til den danske ambassad\u00f8r Friis Arne Petersen.<\/p>\n<p>Vi vil gerne tage denne mulighed for at vise vores taknemmelighed til den danske ambassad\u00f8r i Tyskland, Friis Arne Petersen, for at overtage protektion for <i>OFF DANMARK-<\/i>programmet. Det vil gl\u00e6de os meget at se ham til FiSH 2016, s\u00e5vel han kan opleve festivalens atmosf\u00e6re og kuturudveksling.<\/p>\n<p>Vi s\u00e6tter stor pris p\u00e5, at han kan og vil st\u00f8tte det danske program i \u00e5r 2016, liges\u00e5 kommer det til gode for de unge talentfulde filmskabere.<\/p>\n<p>\u00d8nskes af alle fra FiSH Teamet<\/p>\n<\/div><div class=\"fusion-clearfix\"><\/div><\/div><\/div><\/div><div class=\"fusion-clearfix\"><\/div><\/div><\/div><div class=\"fusion-layout-column fusion_builder_column fusion-builder-column-3 fusion_builder_column_1_1 1_1 fusion-one-full fusion-column-first fusion-column-last fusion-column-no-min-height\" style=\"margin-top:0px;margin-bottom:0px;\"><div class=\"fusion-column-wrapper fusion-flex-column-wrapper-legacy\" style=\"background-position:left top;background-repeat:no-repeat;-webkit-background-size:cover;-moz-background-size:cover;-o-background-size:cover;background-size:cover;padding: 0px 0px 0px 0px;\">[:]<div class=\"fusion-clearfix\"><\/div><\/div><\/div><\/div><style type=\"text\/css\">.fusion-fullwidth.fusion-builder-row-1 { overflow:visible; }<\/style><\/div>\n","protected":false},"excerpt":{"rendered":"","protected":false},"author":34,"featured_media":5408,"comment_status":"open","ping_status":"open","sticky":false,"template":"","format":"standard","meta":{"om_disable_all_campaigns":false,"_monsterinsights_skip_tracking":false,"_monsterinsights_sitenote_active":false,"_monsterinsights_sitenote_note":"","_monsterinsights_sitenote_category":0,"episode_type":"","audio_file":"","cover_image":"","cover_image_id":"","duration":"","filesize":"","date_recorded":"","explicit":"","block":"","filesize_raw":"","ngg_post_thumbnail":0,"footnotes":""},"categories":[1],"tags":[],"class_list":["post-5402","post","type-post","status-publish","format-standard","has-post-thumbnail","hentry","category-allgemein"],"aioseo_notices":[],"yoast_head":"<!-- This site is optimized with the Yoast SEO plugin v20.0 - https:\/\/yoast.com\/wordpress\/plugins\/seo\/ -->\n<title>[:de]D\u00e4nischer Botschafter wird Schirmherr[:en]The danish ambassador is patron[:da]Den danske ambassad\u00f8r er protektor[:] &ndash; FiSH<\/title>\n<meta name=\"robots\" content=\"index, follow, max-snippet:-1, max-image-preview:large, max-video-preview:-1\" \/>\n<link rel=\"canonical\" href=\"https:\/\/fish-festival.de\/thank-danish-ambassador-friis-arne-petersen\/\" \/>\n<meta property=\"og:locale\" content=\"en_US\" \/>\n<meta property=\"og:type\" content=\"article\" \/>\n<meta property=\"og:title\" content=\"[:de]D\u00e4nischer Botschafter wird Schirmherr[:en]The danish ambassador is patron[:da]Den danske ambassad\u00f8r er protektor[:] &ndash; FiSH\" \/>\n<meta property=\"og:url\" content=\"https:\/\/fish-festival.de\/thank-danish-ambassador-friis-arne-petersen\/\" \/>\n<meta property=\"og:site_name\" content=\"FiSH\" \/>\n<meta property=\"article:publisher\" content=\"https:\/\/www.facebook.com\/fish.filmfestival\" \/>\n<meta property=\"article:published_time\" content=\"2016-01-28T10:17:27+00:00\" \/>\n<meta property=\"article:modified_time\" content=\"2017-04-07T14:38:03+00:00\" \/>\n<meta property=\"og:image\" content=\"https:\/\/fish-festival.de\/wp-content\/uploads\/2016\/01\/fish_loves_denmark.jpg\" \/>\n\t<meta property=\"og:image:width\" content=\"1000\" \/>\n\t<meta property=\"og:image:height\" content=\"300\" \/>\n\t<meta property=\"og:image:type\" content=\"image\/jpeg\" \/>\n<meta name=\"author\" content=\"tintenfish\" \/>\n<meta name=\"twitter:label1\" content=\"Written by\" \/>\n\t<meta name=\"twitter:data1\" content=\"tintenfish\" \/>\n\t<meta name=\"twitter:label2\" content=\"Est. reading time\" \/>\n\t<meta name=\"twitter:data2\" content=\"3 minutes\" \/>\n<script type=\"application\/ld+json\" class=\"yoast-schema-graph\">{\"@context\":\"https:\/\/schema.org\",\"@graph\":[{\"@type\":\"Article\",\"@id\":\"https:\/\/fish-festival.de\/thank-danish-ambassador-friis-arne-petersen\/#article\",\"isPartOf\":{\"@id\":\"https:\/\/fish-festival.de\/thank-danish-ambassador-friis-arne-petersen\/\"},\"author\":{\"name\":\"tintenfish\",\"@id\":\"https:\/\/fish-festival.de\/#\/schema\/person\/7ef8122c16fe06d9bf9b8f6197997c80\"},\"headline\":\"[:de]D\u00e4nischer Botschafter wird Schirmherr[:en]The danish ambassador is patron[:da]Den danske ambassad\u00f8r er protektor[:]\",\"datePublished\":\"2016-01-28T10:17:27+00:00\",\"dateModified\":\"2017-04-07T14:38:03+00:00\",\"mainEntityOfPage\":{\"@id\":\"https:\/\/fish-festival.de\/thank-danish-ambassador-friis-arne-petersen\/\"},\"wordCount\":688,\"commentCount\":0,\"publisher\":{\"@id\":\"https:\/\/fish-festival.de\/#organization\"},\"articleSection\":[\"Allgemein\"],\"inLanguage\":\"en-US\",\"potentialAction\":[{\"@type\":\"CommentAction\",\"name\":\"Comment\",\"target\":[\"https:\/\/fish-festival.de\/thank-danish-ambassador-friis-arne-petersen\/#respond\"]}]},{\"@type\":\"WebPage\",\"@id\":\"https:\/\/fish-festival.de\/thank-danish-ambassador-friis-arne-petersen\/\",\"url\":\"https:\/\/fish-festival.de\/thank-danish-ambassador-friis-arne-petersen\/\",\"name\":\"[:de]D\u00e4nischer Botschafter wird Schirmherr[:en]The danish ambassador is patron[:da]Den danske ambassad\u00f8r er protektor[:] &ndash; FiSH\",\"isPartOf\":{\"@id\":\"https:\/\/fish-festival.de\/#website\"},\"datePublished\":\"2016-01-28T10:17:27+00:00\",\"dateModified\":\"2017-04-07T14:38:03+00:00\",\"breadcrumb\":{\"@id\":\"https:\/\/fish-festival.de\/thank-danish-ambassador-friis-arne-petersen\/#breadcrumb\"},\"inLanguage\":\"en-US\",\"potentialAction\":[{\"@type\":\"ReadAction\",\"target\":[\"https:\/\/fish-festival.de\/thank-danish-ambassador-friis-arne-petersen\/\"]}]},{\"@type\":\"BreadcrumbList\",\"@id\":\"https:\/\/fish-festival.de\/thank-danish-ambassador-friis-arne-petersen\/#breadcrumb\",\"itemListElement\":[{\"@type\":\"ListItem\",\"position\":1,\"name\":\"Startseite\",\"item\":\"https:\/\/fish-festival.de\/en\/home\/\"},{\"@type\":\"ListItem\",\"position\":2,\"name\":\"[:de]D\u00e4nischer Botschafter wird Schirmherr[:en]The danish ambassador is patron[:da]Den danske ambassad\u00f8r er protektor[:]\"}]},{\"@type\":\"WebSite\",\"@id\":\"https:\/\/fish-festival.de\/#website\",\"url\":\"https:\/\/fish-festival.de\/\",\"name\":\"FiSH\",\"description\":\"\",\"publisher\":{\"@id\":\"https:\/\/fish-festival.de\/#organization\"},\"potentialAction\":[{\"@type\":\"SearchAction\",\"target\":{\"@type\":\"EntryPoint\",\"urlTemplate\":\"https:\/\/fish-festival.de\/?s={search_term_string}\"},\"query-input\":\"required name=search_term_string\"}],\"inLanguage\":\"en-US\"},{\"@type\":\"Organization\",\"@id\":\"https:\/\/fish-festival.de\/#organization\",\"name\":\"FiSH\",\"url\":\"https:\/\/fish-festival.de\/\",\"logo\":{\"@type\":\"ImageObject\",\"inLanguage\":\"en-US\",\"@id\":\"https:\/\/fish-festival.de\/#\/schema\/logo\/image\/\",\"url\":\"https:\/\/fish-festival.de\/wp-content\/uploads\/2021\/10\/FiSH21-Preisverleihung-5-1024x682.jpg\",\"contentUrl\":\"https:\/\/fish-festival.de\/wp-content\/uploads\/2021\/10\/FiSH21-Preisverleihung-5-1024x682.jpg\",\"width\":1024,\"height\":682,\"caption\":\"FiSH\"},\"image\":{\"@id\":\"https:\/\/fish-festival.de\/#\/schema\/logo\/image\/\"},\"sameAs\":[\"https:\/\/www.instagram.com\/fish_filmfestival\/\",\"https:\/\/www.youtube.com\/user\/FishFestival\",\"https:\/\/www.facebook.com\/fish.filmfestival\",\"https:\/\/twitter.com\/fishfestival\"]},{\"@type\":\"Person\",\"@id\":\"https:\/\/fish-festival.de\/#\/schema\/person\/7ef8122c16fe06d9bf9b8f6197997c80\",\"name\":\"tintenfish\",\"image\":{\"@type\":\"ImageObject\",\"inLanguage\":\"en-US\",\"@id\":\"https:\/\/fish-festival.de\/#\/schema\/person\/image\/\",\"url\":\"https:\/\/secure.gravatar.com\/avatar\/8e16eb414614e6d7030bbfe7ef82c226?s=96&d=mm&r=g\",\"contentUrl\":\"https:\/\/secure.gravatar.com\/avatar\/8e16eb414614e6d7030bbfe7ef82c226?s=96&d=mm&r=g\",\"caption\":\"tintenfish\"}}]}<\/script>\n<!-- \/ Yoast SEO plugin. -->","yoast_head_json":{"title":"[:de]D\u00e4nischer Botschafter wird Schirmherr[:en]The danish ambassador is patron[:da]Den danske ambassad\u00f8r er protektor[:] &ndash; FiSH","robots":{"index":"index","follow":"follow","max-snippet":"max-snippet:-1","max-image-preview":"max-image-preview:large","max-video-preview":"max-video-preview:-1"},"canonical":"https:\/\/fish-festival.de\/thank-danish-ambassador-friis-arne-petersen\/","og_locale":"en_US","og_type":"article","og_title":"[:de]D\u00e4nischer Botschafter wird Schirmherr[:en]The danish ambassador is patron[:da]Den danske ambassad\u00f8r er protektor[:] &ndash; FiSH","og_url":"https:\/\/fish-festival.de\/thank-danish-ambassador-friis-arne-petersen\/","og_site_name":"FiSH","article_publisher":"https:\/\/www.facebook.com\/fish.filmfestival","article_published_time":"2016-01-28T10:17:27+00:00","article_modified_time":"2017-04-07T14:38:03+00:00","og_image":[{"width":1000,"height":300,"url":"https:\/\/fish-festival.de\/wp-content\/uploads\/2016\/01\/fish_loves_denmark.jpg","type":"image\/jpeg"}],"author":"tintenfish","twitter_misc":{"Written by":"tintenfish","Est. reading time":"3 minutes"},"schema":{"@context":"https:\/\/schema.org","@graph":[{"@type":"Article","@id":"https:\/\/fish-festival.de\/thank-danish-ambassador-friis-arne-petersen\/#article","isPartOf":{"@id":"https:\/\/fish-festival.de\/thank-danish-ambassador-friis-arne-petersen\/"},"author":{"name":"tintenfish","@id":"https:\/\/fish-festival.de\/#\/schema\/person\/7ef8122c16fe06d9bf9b8f6197997c80"},"headline":"[:de]D\u00e4nischer Botschafter wird Schirmherr[:en]The danish ambassador is patron[:da]Den danske ambassad\u00f8r er protektor[:]","datePublished":"2016-01-28T10:17:27+00:00","dateModified":"2017-04-07T14:38:03+00:00","mainEntityOfPage":{"@id":"https:\/\/fish-festival.de\/thank-danish-ambassador-friis-arne-petersen\/"},"wordCount":688,"commentCount":0,"publisher":{"@id":"https:\/\/fish-festival.de\/#organization"},"articleSection":["Allgemein"],"inLanguage":"en-US","potentialAction":[{"@type":"CommentAction","name":"Comment","target":["https:\/\/fish-festival.de\/thank-danish-ambassador-friis-arne-petersen\/#respond"]}]},{"@type":"WebPage","@id":"https:\/\/fish-festival.de\/thank-danish-ambassador-friis-arne-petersen\/","url":"https:\/\/fish-festival.de\/thank-danish-ambassador-friis-arne-petersen\/","name":"[:de]D\u00e4nischer Botschafter wird Schirmherr[:en]The danish ambassador is patron[:da]Den danske ambassad\u00f8r er protektor[:] &ndash; FiSH","isPartOf":{"@id":"https:\/\/fish-festival.de\/#website"},"datePublished":"2016-01-28T10:17:27+00:00","dateModified":"2017-04-07T14:38:03+00:00","breadcrumb":{"@id":"https:\/\/fish-festival.de\/thank-danish-ambassador-friis-arne-petersen\/#breadcrumb"},"inLanguage":"en-US","potentialAction":[{"@type":"ReadAction","target":["https:\/\/fish-festival.de\/thank-danish-ambassador-friis-arne-petersen\/"]}]},{"@type":"BreadcrumbList","@id":"https:\/\/fish-festival.de\/thank-danish-ambassador-friis-arne-petersen\/#breadcrumb","itemListElement":[{"@type":"ListItem","position":1,"name":"Startseite","item":"https:\/\/fish-festival.de\/en\/home\/"},{"@type":"ListItem","position":2,"name":"[:de]D\u00e4nischer Botschafter wird Schirmherr[:en]The danish ambassador is patron[:da]Den danske ambassad\u00f8r er protektor[:]"}]},{"@type":"WebSite","@id":"https:\/\/fish-festival.de\/#website","url":"https:\/\/fish-festival.de\/","name":"FiSH","description":"","publisher":{"@id":"https:\/\/fish-festival.de\/#organization"},"potentialAction":[{"@type":"SearchAction","target":{"@type":"EntryPoint","urlTemplate":"https:\/\/fish-festival.de\/?s={search_term_string}"},"query-input":"required name=search_term_string"}],"inLanguage":"en-US"},{"@type":"Organization","@id":"https:\/\/fish-festival.de\/#organization","name":"FiSH","url":"https:\/\/fish-festival.de\/","logo":{"@type":"ImageObject","inLanguage":"en-US","@id":"https:\/\/fish-festival.de\/#\/schema\/logo\/image\/","url":"https:\/\/fish-festival.de\/wp-content\/uploads\/2021\/10\/FiSH21-Preisverleihung-5-1024x682.jpg","contentUrl":"https:\/\/fish-festival.de\/wp-content\/uploads\/2021\/10\/FiSH21-Preisverleihung-5-1024x682.jpg","width":1024,"height":682,"caption":"FiSH"},"image":{"@id":"https:\/\/fish-festival.de\/#\/schema\/logo\/image\/"},"sameAs":["https:\/\/www.instagram.com\/fish_filmfestival\/","https:\/\/www.youtube.com\/user\/FishFestival","https:\/\/www.facebook.com\/fish.filmfestival","https:\/\/twitter.com\/fishfestival"]},{"@type":"Person","@id":"https:\/\/fish-festival.de\/#\/schema\/person\/7ef8122c16fe06d9bf9b8f6197997c80","name":"tintenfish","image":{"@type":"ImageObject","inLanguage":"en-US","@id":"https:\/\/fish-festival.de\/#\/schema\/person\/image\/","url":"https:\/\/secure.gravatar.com\/avatar\/8e16eb414614e6d7030bbfe7ef82c226?s=96&d=mm&r=g","contentUrl":"https:\/\/secure.gravatar.com\/avatar\/8e16eb414614e6d7030bbfe7ef82c226?s=96&d=mm&r=g","caption":"tintenfish"}}]}},"_links":{"self":[{"href":"https:\/\/fish-festival.de\/en\/wp-json\/wp\/v2\/posts\/5402","targetHints":{"allow":["GET"]}}],"collection":[{"href":"https:\/\/fish-festival.de\/en\/wp-json\/wp\/v2\/posts"}],"about":[{"href":"https:\/\/fish-festival.de\/en\/wp-json\/wp\/v2\/types\/post"}],"author":[{"embeddable":true,"href":"https:\/\/fish-festival.de\/en\/wp-json\/wp\/v2\/users\/34"}],"replies":[{"embeddable":true,"href":"https:\/\/fish-festival.de\/en\/wp-json\/wp\/v2\/comments?post=5402"}],"version-history":[{"count":9,"href":"https:\/\/fish-festival.de\/en\/wp-json\/wp\/v2\/posts\/5402\/revisions"}],"predecessor-version":[{"id":8650,"href":"https:\/\/fish-festival.de\/en\/wp-json\/wp\/v2\/posts\/5402\/revisions\/8650"}],"wp:featuredmedia":[{"embeddable":true,"href":"https:\/\/fish-festival.de\/en\/wp-json\/wp\/v2\/media\/5408"}],"wp:attachment":[{"href":"https:\/\/fish-festival.de\/en\/wp-json\/wp\/v2\/media?parent=5402"}],"wp:term":[{"taxonomy":"category","embeddable":true,"href":"https:\/\/fish-festival.de\/en\/wp-json\/wp\/v2\/categories?post=5402"},{"taxonomy":"post_tag","embeddable":true,"href":"https:\/\/fish-festival.de\/en\/wp-json\/wp\/v2\/tags?post=5402"}],"curies":[{"name":"wp","href":"https:\/\/api.w.org\/{rel}","templated":true}]}}