{"id":27368,"date":"2024-05-15T13:30:28","date_gmt":"2024-05-15T11:30:28","guid":{"rendered":"https:\/\/fish-festival.de\/?p=27368"},"modified":"2024-09-05T13:26:10","modified_gmt":"2024-09-05T11:26:10","slug":"fish-2024-recap-das-festival-aus-der-sicht-einer-efdlerin","status":"publish","type":"post","link":"https:\/\/fish-festival.de\/en\/fish-2024-recap-das-festival-aus-der-sicht-einer-efdlerin\/","title":{"rendered":"FiSH 2024 &#8211; Das Festival aus der Sicht einer EFDler:in"},"content":{"rendered":"<p align=\"justify\">geschrieben von Deniza Niculita &#8211; freiwilliges europ\u00e4isches Jahr beim FiSH<\/p>\n<p align=\"justify\"><strong>Ein Festival f\u00fcr Kreativit\u00e4t und Jugendliche: Highlights des FiSH-Filmfestivals 2024<\/strong><\/p>\n<p align=\"justify\">Das FiSH-Filmfestival war zu seiner<strong> 21. Ausgabe<\/strong> mit einer lebendigen Mischung aus Film, Musik und guter Laune am Stadthafen.<\/p>\n<p align=\"justify\">Das diesj\u00e4hrige Festival war eine gelungene Mischung aus innovativen Projekten, kreativen Vorf\u00fchrungen und Networking-M\u00f6glichkeiten. Hier seht ihr was so passierte:<\/p>\n<p align=\"justify\">Am Mittwoch begann das Festival mit der <strong>Verleihung des Medienkompetenz &#8211; <\/strong><strong>P<\/strong><strong>reises MV<\/strong>, bei dem Projekte ausgezeichnet werden, die nachhaltige und innovative Medienarbeit f\u00f6rdern. Im Mittelpunkt stehen dabei Bildungsprozesse und die Entwicklung von Medienkompetenz bei den Teilnehmenden. Diese fand dieses Jahr im <strong>Volkstheater<\/strong> statt, ebenso wie die offizielle <strong>Er\u00f6ffnung des 21. FiSH Filmfestivals<\/strong>.<\/p>\n<p align=\"justify\">Nach musikalischen Performances, Ansprachen (darunter auch die Oberb\u00fcrgermeisterin der Hansestadt Rostock Eva-Maria Kr\u00f6ger) und Applaus ging es gleich zu Beginn mit dem <strong>PopFiSH-Musikvideo-Wettbewerb<\/strong> los.<\/p>\n<p align=\"justify\">Es gab 3 Preiskategorien (Jury, Publikum und OZ-Online), aber nur einen Gewinner, der sie alle geknackt hat.<\/p>\n<p align=\"justify\">Herzlichen Gl\u00fcckwunsch an THE HUNTED von M\u00e6ntik und Regisseur Christian Wunsch! Gefeiert wurde mit Musik und Tanz auf der PopFiSH After-Show Party in der <strong>Volkskantine<\/strong>.<\/p>\n<p align=\"justify\">&nbsp;<\/p>\n<p align=\"justify\">Von da an spielte sich jeder Tag mit fast den gleichen Zutaten ab, die jedes Mal zu neuen Delikatessen gemischt wurden. Los ging es mit dem<strong>,,Filmmakers Welcome&#8221;<\/strong>, bei dem sich die Regisseur:innen beim Bingo Spielen und Quiz kennenlernen konnten.<\/p>\n<p align=\"justify\">Die Begr\u00fc\u00dfung sowie einige der Talks und Networking-M\u00f6glichkeiten fanden im gem\u00fctlichen <strong>Schollenberger<\/strong>statt. Drei Student:innen der<strong>Designakademie <\/strong>halfen uns bei der Dekoration (wer vor der Frieda 23 vorbeikam, konnte auch bunte Wimpelketten sehen oder unsere knallrote Rezeption).<\/p>\n<p align=\"justify\">&nbsp;<\/p>\n<p align=\"justify\">Bequeme Sofas, W\u00e4nde voller B\u00fccher und dem leckeres Catering von Pesto Peter, was will man mehr? Das hei\u00dft aber nicht, dass wir uns nicht davor gescheut haben, die Sofas ein wenig zu verschieben: An ihrer Stelle haben wir zwei lange Tische und B\u00e4nke aufgestellt, um den Rahmen f\u00fcr unser <strong>Meet the Festivals-Dinner<\/strong> am Donnerstag zu schaffen.<\/p>\n<p align=\"justify\">Die kuscheligen Sofas waren auch der Ort, als wir uns f\u00fcr die <strong>Diversity im Film <\/strong>(Freitag) und f\u00fcr die <strong>Safer and Fairer Movie Sets<\/strong> (am Samstag) trafen. Wir hatten sogar eine Live-Indiefilmtalk-<strong>Podcast<\/strong>-Aufnahme@FiSH dort: &#8220;Wie bringe ich meinen Film in die Welt?\u201d am Donnerstag von unserem diesj\u00e4hrigen Jurymitglied Yugen Yah geh\u00f6rt!<\/p>\n<p align=\"justify\">Nat\u00fcrlich war jeder Tag auch vollgepackt mit Filmbl\u00f6cken, der <strong>JUNGER FILM<\/strong> Wettbewerb, mit Regisseuren aus ganz Deutschland, abwechselnd teilten wir uns den Raum im komplett zum Kino umgebauten MAU Club mit den Filmen des <strong>OFFShorts<\/strong> Wettbewerbs, mit Regisseuren aus dem Ostseeraum.<\/p>\n<p align=\"justify\">Nach jedem Film war es Zeit f\u00fcr eine <strong>Q&amp;A mit den Regisseur:innen<\/strong> und den Teams, die sich zu einer der Moderatorinnen auf die B\u00fchne setzten. Manchmal mussten wir f\u00fcr diejenigen, die nur per Zoom dabei sein konnten, einen Fernseher auf die B\u00fchne rollen, aber es war immer sch\u00f6n zu h\u00f6ren, was in der ganzen Welt hinter der Entstehung eines Films, auch und gerade eines Kurzfilms, vor sich geht.<\/p>\n<p align=\"justify\">&nbsp;<\/p>\n<p align=\"justify\">Und am Ende des Blocks: die <strong>offene Jury-Diskussion<\/strong>, bei der die Jurymitglieder auf der B\u00fchne \u00fcber den Film diskutieren, konstruktive Kritik abgeben und &#8211; warum nicht &#8211; ein paar Witze rei\u00dfen.<\/p>\n<p align=\"justify\">W\u00e4hrend sich all dies im MAU und bei Schollenberger am Hafen abspielte, gab es noch eine Location, die nicht fehlen durfte: unser geliebtes<strong> Li.Wu. Kino<\/strong> hier in der Frieda.<\/p>\n<p align=\"justify\">Das <strong>Sehsterne-Programm<\/strong> bot Langfilme, darunter zum Beispiel \u201eDER JUNGE DEM DIE WELT GEH\u00d6RT\u201d (R: Robert Gwisdek) oder auch den lebensfrohen \u201eTEACHES OF PEACHES\u201c (R: Philipp Fussenegger, Judy Landkammer) \u00fcber die Verwandlung der Kanadierin Merrill Nisker in die internationale Ph\u00e4nomen-K\u00fcnstlerin Peaches.<\/p>\n<p align=\"justify\">&nbsp;<\/p>\n<p align=\"justify\">Am Freitag wurde ein ganz besonderes Programm gezeigt: die <strong>48H-Challenge<\/strong>. Ihr habt wahrscheinlich schon verstanden, was es bedeutet: nur 2 Tage, um einen Film zu schreiben, zu filmen und zu spielen und dabei einige Elemente zu integrieren, die ganz am Anfang vorgegeben werden.<\/p>\n<p align=\"justify\">K\u00f6nntet ihr das schaffen? Wenn ihr mit einem eindeutigen JA beantwortet habt, dann versucht es doch n\u00e4chstes Jahr auch. Wenn ihr mit \u201e&#8230;vielleicht\u201c geantwortet habt, gibt es nur einen Weg, das herauszufinden, oder?<\/p>\n<p align=\"justify\">In unserem Hause, der Frieda 23, fanden am Freitag auch die <strong>Pitch- und Script-Workshops<\/strong> statt. Man konnte lernen, wie man einen \u00fcberzeugenden Film-Pitch abgibt und wie man eine Geschichte besser entwickelt.<\/p>\n<p align=\"justify\">&nbsp;<\/p>\n<p align=\"justify\">Am Samstag gab es den Filmmakers Welcome, Filmbl\u00f6cke und Workshops so wie immer, aber am Abend erhielt das MAU eine neue Funktion: es war der Ort der FiSH 2024 <strong>Preisverleihung<\/strong>, die am Abend stattfand.<\/p>\n<p align=\"justify\">Durch Handaufheben vergab die Jury die <strong>drei GoldFiSHe <\/strong>an DER WOLF UND DIE SIEBEN MINIONS (R: Kindergruppe Familienzentrum M\u00fcnsterstra\u00dfe, die nur 6 Jahre alt waren!), WOLKE Z (R: Janina Lutter), und IT&#8217;S JUST A WHOLE (R: Bianca Scali). Die Kino-Crew des Kulturkosmos e. V. erlaubte uns au\u00dferdem, den <strong>Sputnik-Preis<\/strong> an GOLEM&#8217;S BREATH von Vincent Rabas-Kolominsky zu vergeben.<\/p>\n<p align=\"justify\">Auch unser liebes Publikum hatte ein W\u00f6rtchen bei der Preisvergabe zu sagen, indem es nach jedem Filmblock seinen Zettel mit der Markierung seines Lieblingsfilms in unsere Stimme Box steckte und so seinen eigenen <strong>PublikumsPreis <\/strong>vergab, der in diesem Jahr an VELKOMMEN HJEM I WELCOME HOME (R: Amanda Nalbant Nordpoll, Norwegen) ging.<\/p>\n<p align=\"justify\">Mit F\u00f6rderung der Baltic Sea Conservation Foundation und der OSTSEESTIFTUNG konnten wir F\u00d6R SLITE! (R: Ivar Jansson, Schweden) mit dem <strong>OstseeFiSH<\/strong> auszeichnen, der an Filme vergeben wird, die sich mit dem Lebensraum Ostsee besch\u00e4ftigen: \u00f6kologisch, sozial, politisch oder kulturell. Einen Monat nach dem Festival halfen uns mehr als 600 Sch\u00fcler aus ganz MV bei der Verleihung des <strong>FriedaFiSH<\/strong> an BEANBOY (R: Emily Hanning, D\u00e4nemark).<\/p>\n<p align=\"justify\">&nbsp;<\/p>\n<p align=\"justify\">Aber Trommelwirbel&#8230; wer hat die zwei gro\u00dfen Preise gewonnen? Der <strong>Film des Jahres<\/strong> f\u00fcr JUNGER FILM war FLENSBURG S\u00dc\u00dfBITTER (R: Lena Dandanelle, Ben Lucy Schaub, Lea Majer, Antonia Leese und Daniel Schmidt). Ein postkolonialer Blick auf die Hafenkante von Flensburg und die Frage, was sichtbar gemacht wird und was nicht.<\/p>\n<p align=\"justify\">Bei OFFShorts hingegen ging der Preis f\u00fcr <strong>YOUNG BALTIC CINEMA Award <\/strong>an JESTEM B\u0141\u0118KITEM (R: Weronika Szyma, Polen). Die poetische Geschichte von einer Mutter und einer Tochter, die versuchen, an einem metaphorischen Strand ihren Frieden zu finden.<\/p>\n<p align=\"justify\">Die <strong>After-Party<\/strong> beschr\u00e4nkte sich nicht nur auf einen Ort: Regisseure und Team feierten in der <strong>Diele im MAU<\/strong>mit dem fesselnden MUMPEL, MURKS UND DIE HERRSCHERIN DER GALAXIS und f\u00fcr alle, die gerne dabei gewesen w\u00e4ren, gab es den Vinyl-Party im <strong>Peter Weiss Haus<\/strong>. Die 80er sind total zur\u00fcck, egal was irgendjemand sagt!<\/p>\n<p align=\"justify\">Zum Abschluss des gesamten Festivals verabschiedeten wir unsere<\/p>\n<p align=\"justify\">Filmschaffender:innen dort, wo alles begann: in unserem Frieda 23 Garten mit einem <strong>Feedback- und Brunch-Picknick<\/strong>.<\/p>\n<p align=\"justify\">Sie mussten ihre Z\u00fcge, Flugzeuge oder F\u00e4hren nehmen und zur\u00fcck in ihre Routinen gehen, so wie wir auch\u2026 aber n\u00e4chstes Jahr wird das FiSH wiederkommen, denn einmal probieren macht nicht satt, man muss es wiederholen!<\/p>\n","protected":false},"excerpt":{"rendered":"<p>geschrieben von Deniza Niculita &#8211; freiwilliges europ\u00e4isches Jahr beim FiSH<\/p>\n","protected":false},"author":17,"featured_media":27373,"comment_status":"closed","ping_status":"open","sticky":false,"template":"","format":"standard","meta":{"om_disable_all_campaigns":false,"_monsterinsights_skip_tracking":false,"_monsterinsights_sitenote_active":false,"_monsterinsights_sitenote_note":"","_monsterinsights_sitenote_category":0,"episode_type":"","audio_file":"","cover_image":"","cover_image_id":"","duration":"","filesize":"","date_recorded":"","explicit":"","block":"","filesize_raw":"","ngg_post_thumbnail":0,"footnotes":""},"categories":[1,16],"tags":[],"class_list":["post-27368","post","type-post","status-publish","format-standard","has-post-thumbnail","hentry","category-allgemein","category-junger-film"],"aioseo_notices":[],"yoast_head":"<!-- This site is optimized with the Yoast SEO plugin v20.0 - https:\/\/yoast.com\/wordpress\/plugins\/seo\/ -->\n<title>FiSH 2024 - Das Festival aus der Sicht einer EFDler:in &ndash; FiSH<\/title>\n<meta name=\"robots\" content=\"index, follow, max-snippet:-1, max-image-preview:large, max-video-preview:-1\" \/>\n<link rel=\"canonical\" href=\"https:\/\/fish-festival.de\/fish-2024-recap-das-festival-aus-der-sicht-einer-efdlerin\/\" \/>\n<meta property=\"og:locale\" content=\"en_US\" \/>\n<meta property=\"og:type\" content=\"article\" \/>\n<meta property=\"og:title\" content=\"FiSH 2024 - Das Festival aus der Sicht einer EFDler:in &ndash; FiSH\" \/>\n<meta property=\"og:description\" content=\"geschrieben von Deniza Niculita - freiwilliges europ\u00e4isches Jahr beim FiSH\" \/>\n<meta property=\"og:url\" content=\"https:\/\/fish-festival.de\/fish-2024-recap-das-festival-aus-der-sicht-einer-efdlerin\/\" \/>\n<meta property=\"og:site_name\" content=\"FiSH\" \/>\n<meta property=\"article:publisher\" content=\"https:\/\/www.facebook.com\/fish.filmfestival\" \/>\n<meta property=\"article:published_time\" content=\"2024-05-15T11:30:28+00:00\" \/>\n<meta property=\"article:modified_time\" content=\"2024-09-05T11:26:10+00:00\" \/>\n<meta property=\"og:image\" content=\"https:\/\/fish-festival.de\/wp-content\/uploads\/2024\/08\/IMG_0707-scaled.jpg\" \/>\n\t<meta property=\"og:image:width\" content=\"2560\" \/>\n\t<meta property=\"og:image:height\" content=\"1707\" \/>\n\t<meta property=\"og:image:type\" content=\"image\/jpeg\" \/>\n<meta name=\"author\" content=\"jungerfilm\" \/>\n<meta name=\"twitter:label1\" content=\"Written by\" \/>\n\t<meta name=\"twitter:data1\" content=\"jungerfilm\" \/>\n\t<meta name=\"twitter:label2\" content=\"Est. reading time\" \/>\n\t<meta name=\"twitter:data2\" content=\"6 minutes\" \/>\n<script type=\"application\/ld+json\" class=\"yoast-schema-graph\">{\"@context\":\"https:\/\/schema.org\",\"@graph\":[{\"@type\":\"Article\",\"@id\":\"https:\/\/fish-festival.de\/fish-2024-recap-das-festival-aus-der-sicht-einer-efdlerin\/#article\",\"isPartOf\":{\"@id\":\"https:\/\/fish-festival.de\/fish-2024-recap-das-festival-aus-der-sicht-einer-efdlerin\/\"},\"author\":{\"name\":\"jungerfilm\",\"@id\":\"https:\/\/fish-festival.de\/#\/schema\/person\/6edd0385930381486664b6e7fe9fd90b\"},\"headline\":\"FiSH 2024 &#8211; Das Festival aus der Sicht einer EFDler:in\",\"datePublished\":\"2024-05-15T11:30:28+00:00\",\"dateModified\":\"2024-09-05T11:26:10+00:00\",\"mainEntityOfPage\":{\"@id\":\"https:\/\/fish-festival.de\/fish-2024-recap-das-festival-aus-der-sicht-einer-efdlerin\/\"},\"wordCount\":1157,\"publisher\":{\"@id\":\"https:\/\/fish-festival.de\/#organization\"},\"articleSection\":[\"Allgemein\",\"Junger Film\"],\"inLanguage\":\"en-US\"},{\"@type\":\"WebPage\",\"@id\":\"https:\/\/fish-festival.de\/fish-2024-recap-das-festival-aus-der-sicht-einer-efdlerin\/\",\"url\":\"https:\/\/fish-festival.de\/fish-2024-recap-das-festival-aus-der-sicht-einer-efdlerin\/\",\"name\":\"FiSH 2024 - Das Festival aus der Sicht einer EFDler:in &ndash; FiSH\",\"isPartOf\":{\"@id\":\"https:\/\/fish-festival.de\/#website\"},\"datePublished\":\"2024-05-15T11:30:28+00:00\",\"dateModified\":\"2024-09-05T11:26:10+00:00\",\"breadcrumb\":{\"@id\":\"https:\/\/fish-festival.de\/fish-2024-recap-das-festival-aus-der-sicht-einer-efdlerin\/#breadcrumb\"},\"inLanguage\":\"en-US\",\"potentialAction\":[{\"@type\":\"ReadAction\",\"target\":[\"https:\/\/fish-festival.de\/fish-2024-recap-das-festival-aus-der-sicht-einer-efdlerin\/\"]}]},{\"@type\":\"BreadcrumbList\",\"@id\":\"https:\/\/fish-festival.de\/fish-2024-recap-das-festival-aus-der-sicht-einer-efdlerin\/#breadcrumb\",\"itemListElement\":[{\"@type\":\"ListItem\",\"position\":1,\"name\":\"Startseite\",\"item\":\"https:\/\/fish-festival.de\/en\/home\/\"},{\"@type\":\"ListItem\",\"position\":2,\"name\":\"FiSH 2024 &#8211; Das Festival aus der Sicht einer EFDler:in\"}]},{\"@type\":\"WebSite\",\"@id\":\"https:\/\/fish-festival.de\/#website\",\"url\":\"https:\/\/fish-festival.de\/\",\"name\":\"FiSH\",\"description\":\"\",\"publisher\":{\"@id\":\"https:\/\/fish-festival.de\/#organization\"},\"potentialAction\":[{\"@type\":\"SearchAction\",\"target\":{\"@type\":\"EntryPoint\",\"urlTemplate\":\"https:\/\/fish-festival.de\/?s={search_term_string}\"},\"query-input\":\"required name=search_term_string\"}],\"inLanguage\":\"en-US\"},{\"@type\":\"Organization\",\"@id\":\"https:\/\/fish-festival.de\/#organization\",\"name\":\"FiSH\",\"url\":\"https:\/\/fish-festival.de\/\",\"logo\":{\"@type\":\"ImageObject\",\"inLanguage\":\"en-US\",\"@id\":\"https:\/\/fish-festival.de\/#\/schema\/logo\/image\/\",\"url\":\"https:\/\/fish-festival.de\/wp-content\/uploads\/2021\/10\/FiSH21-Preisverleihung-5-1024x682.jpg\",\"contentUrl\":\"https:\/\/fish-festival.de\/wp-content\/uploads\/2021\/10\/FiSH21-Preisverleihung-5-1024x682.jpg\",\"width\":1024,\"height\":682,\"caption\":\"FiSH\"},\"image\":{\"@id\":\"https:\/\/fish-festival.de\/#\/schema\/logo\/image\/\"},\"sameAs\":[\"https:\/\/www.instagram.com\/fish_filmfestival\/\",\"https:\/\/www.youtube.com\/user\/FishFestival\",\"https:\/\/www.facebook.com\/fish.filmfestival\",\"https:\/\/twitter.com\/fishfestival\"]},{\"@type\":\"Person\",\"@id\":\"https:\/\/fish-festival.de\/#\/schema\/person\/6edd0385930381486664b6e7fe9fd90b\",\"name\":\"jungerfilm\",\"image\":{\"@type\":\"ImageObject\",\"inLanguage\":\"en-US\",\"@id\":\"https:\/\/fish-festival.de\/#\/schema\/person\/image\/\",\"url\":\"https:\/\/secure.gravatar.com\/avatar\/f8043670d43c7fc49eb48877b262947a?s=96&d=mm&r=g\",\"contentUrl\":\"https:\/\/secure.gravatar.com\/avatar\/f8043670d43c7fc49eb48877b262947a?s=96&d=mm&r=g\",\"caption\":\"jungerfilm\"}}]}<\/script>\n<!-- \/ Yoast SEO plugin. -->","yoast_head_json":{"title":"FiSH 2024 - Das Festival aus der Sicht einer EFDler:in &ndash; FiSH","robots":{"index":"index","follow":"follow","max-snippet":"max-snippet:-1","max-image-preview":"max-image-preview:large","max-video-preview":"max-video-preview:-1"},"canonical":"https:\/\/fish-festival.de\/fish-2024-recap-das-festival-aus-der-sicht-einer-efdlerin\/","og_locale":"en_US","og_type":"article","og_title":"FiSH 2024 - Das Festival aus der Sicht einer EFDler:in &ndash; FiSH","og_description":"geschrieben von Deniza Niculita - freiwilliges europ\u00e4isches Jahr beim FiSH","og_url":"https:\/\/fish-festival.de\/fish-2024-recap-das-festival-aus-der-sicht-einer-efdlerin\/","og_site_name":"FiSH","article_publisher":"https:\/\/www.facebook.com\/fish.filmfestival","article_published_time":"2024-05-15T11:30:28+00:00","article_modified_time":"2024-09-05T11:26:10+00:00","og_image":[{"width":2560,"height":1707,"url":"https:\/\/fish-festival.de\/wp-content\/uploads\/2024\/08\/IMG_0707-scaled.jpg","type":"image\/jpeg"}],"author":"jungerfilm","twitter_misc":{"Written by":"jungerfilm","Est. reading time":"6 minutes"},"schema":{"@context":"https:\/\/schema.org","@graph":[{"@type":"Article","@id":"https:\/\/fish-festival.de\/fish-2024-recap-das-festival-aus-der-sicht-einer-efdlerin\/#article","isPartOf":{"@id":"https:\/\/fish-festival.de\/fish-2024-recap-das-festival-aus-der-sicht-einer-efdlerin\/"},"author":{"name":"jungerfilm","@id":"https:\/\/fish-festival.de\/#\/schema\/person\/6edd0385930381486664b6e7fe9fd90b"},"headline":"FiSH 2024 &#8211; Das Festival aus der Sicht einer EFDler:in","datePublished":"2024-05-15T11:30:28+00:00","dateModified":"2024-09-05T11:26:10+00:00","mainEntityOfPage":{"@id":"https:\/\/fish-festival.de\/fish-2024-recap-das-festival-aus-der-sicht-einer-efdlerin\/"},"wordCount":1157,"publisher":{"@id":"https:\/\/fish-festival.de\/#organization"},"articleSection":["Allgemein","Junger Film"],"inLanguage":"en-US"},{"@type":"WebPage","@id":"https:\/\/fish-festival.de\/fish-2024-recap-das-festival-aus-der-sicht-einer-efdlerin\/","url":"https:\/\/fish-festival.de\/fish-2024-recap-das-festival-aus-der-sicht-einer-efdlerin\/","name":"FiSH 2024 - Das Festival aus der Sicht einer EFDler:in &ndash; FiSH","isPartOf":{"@id":"https:\/\/fish-festival.de\/#website"},"datePublished":"2024-05-15T11:30:28+00:00","dateModified":"2024-09-05T11:26:10+00:00","breadcrumb":{"@id":"https:\/\/fish-festival.de\/fish-2024-recap-das-festival-aus-der-sicht-einer-efdlerin\/#breadcrumb"},"inLanguage":"en-US","potentialAction":[{"@type":"ReadAction","target":["https:\/\/fish-festival.de\/fish-2024-recap-das-festival-aus-der-sicht-einer-efdlerin\/"]}]},{"@type":"BreadcrumbList","@id":"https:\/\/fish-festival.de\/fish-2024-recap-das-festival-aus-der-sicht-einer-efdlerin\/#breadcrumb","itemListElement":[{"@type":"ListItem","position":1,"name":"Startseite","item":"https:\/\/fish-festival.de\/en\/home\/"},{"@type":"ListItem","position":2,"name":"FiSH 2024 &#8211; Das Festival aus der Sicht einer EFDler:in"}]},{"@type":"WebSite","@id":"https:\/\/fish-festival.de\/#website","url":"https:\/\/fish-festival.de\/","name":"FiSH","description":"","publisher":{"@id":"https:\/\/fish-festival.de\/#organization"},"potentialAction":[{"@type":"SearchAction","target":{"@type":"EntryPoint","urlTemplate":"https:\/\/fish-festival.de\/?s={search_term_string}"},"query-input":"required name=search_term_string"}],"inLanguage":"en-US"},{"@type":"Organization","@id":"https:\/\/fish-festival.de\/#organization","name":"FiSH","url":"https:\/\/fish-festival.de\/","logo":{"@type":"ImageObject","inLanguage":"en-US","@id":"https:\/\/fish-festival.de\/#\/schema\/logo\/image\/","url":"https:\/\/fish-festival.de\/wp-content\/uploads\/2021\/10\/FiSH21-Preisverleihung-5-1024x682.jpg","contentUrl":"https:\/\/fish-festival.de\/wp-content\/uploads\/2021\/10\/FiSH21-Preisverleihung-5-1024x682.jpg","width":1024,"height":682,"caption":"FiSH"},"image":{"@id":"https:\/\/fish-festival.de\/#\/schema\/logo\/image\/"},"sameAs":["https:\/\/www.instagram.com\/fish_filmfestival\/","https:\/\/www.youtube.com\/user\/FishFestival","https:\/\/www.facebook.com\/fish.filmfestival","https:\/\/twitter.com\/fishfestival"]},{"@type":"Person","@id":"https:\/\/fish-festival.de\/#\/schema\/person\/6edd0385930381486664b6e7fe9fd90b","name":"jungerfilm","image":{"@type":"ImageObject","inLanguage":"en-US","@id":"https:\/\/fish-festival.de\/#\/schema\/person\/image\/","url":"https:\/\/secure.gravatar.com\/avatar\/f8043670d43c7fc49eb48877b262947a?s=96&d=mm&r=g","contentUrl":"https:\/\/secure.gravatar.com\/avatar\/f8043670d43c7fc49eb48877b262947a?s=96&d=mm&r=g","caption":"jungerfilm"}}]}},"_links":{"self":[{"href":"https:\/\/fish-festival.de\/en\/wp-json\/wp\/v2\/posts\/27368","targetHints":{"allow":["GET"]}}],"collection":[{"href":"https:\/\/fish-festival.de\/en\/wp-json\/wp\/v2\/posts"}],"about":[{"href":"https:\/\/fish-festival.de\/en\/wp-json\/wp\/v2\/types\/post"}],"author":[{"embeddable":true,"href":"https:\/\/fish-festival.de\/en\/wp-json\/wp\/v2\/users\/17"}],"replies":[{"embeddable":true,"href":"https:\/\/fish-festival.de\/en\/wp-json\/wp\/v2\/comments?post=27368"}],"version-history":[{"count":5,"href":"https:\/\/fish-festival.de\/en\/wp-json\/wp\/v2\/posts\/27368\/revisions"}],"predecessor-version":[{"id":27396,"href":"https:\/\/fish-festival.de\/en\/wp-json\/wp\/v2\/posts\/27368\/revisions\/27396"}],"wp:featuredmedia":[{"embeddable":true,"href":"https:\/\/fish-festival.de\/en\/wp-json\/wp\/v2\/media\/27373"}],"wp:attachment":[{"href":"https:\/\/fish-festival.de\/en\/wp-json\/wp\/v2\/media?parent=27368"}],"wp:term":[{"taxonomy":"category","embeddable":true,"href":"https:\/\/fish-festival.de\/en\/wp-json\/wp\/v2\/categories?post=27368"},{"taxonomy":"post_tag","embeddable":true,"href":"https:\/\/fish-festival.de\/en\/wp-json\/wp\/v2\/tags?post=27368"}],"curies":[{"name":"wp","href":"https:\/\/api.w.org\/{rel}","templated":true}]}}