{"id":18256,"date":"2021-08-13T13:06:02","date_gmt":"2021-08-13T11:06:02","guid":{"rendered":"https:\/\/fish-festival.de\/?p=18256"},"modified":"2021-08-13T13:07:34","modified_gmt":"2021-08-13T11:07:34","slug":"neustart-kultur-macht-mobiles-kino-in-m-v-moeglich","status":"publish","type":"post","link":"https:\/\/fish-festival.de\/en\/neustart-kultur-macht-mobiles-kino-in-m-v-moeglich\/","title":{"rendered":"NEUSTART KULTUR macht mobiles Kino in M-V m\u00f6glich"},"content":{"rendered":"<div class=\"fusion-fullwidth fullwidth-box fusion-builder-row-1 fusion-flex-container nonhundred-percent-fullwidth non-hundred-percent-height-scrolling\" style=\"background-color: rgba(255,255,255,0);background-position: center center;background-repeat: no-repeat;border-width: 0px 0px 0px 0px;border-color:#eae9e9;border-style:solid;\" ><div class=\"fusion-builder-row fusion-row fusion-flex-align-items-flex-start\" style=\"max-width:1144px;margin-left: calc(-4% \/ 2 );margin-right: calc(-4% \/ 2 );\"><div class=\"fusion-layout-column fusion_builder_column fusion-builder-column-0 fusion_builder_column_1_1 1_1 fusion-flex-column\"><div class=\"fusion-column-wrapper fusion-flex-justify-content-flex-start fusion-content-layout-column\" style=\"background-position:left top;background-repeat:no-repeat;-webkit-background-size:cover;-moz-background-size:cover;-o-background-size:cover;background-size:cover;padding: 0px 0px 0px 0px;\"><div class=\"fusion-text fusion-text-1\"><p class=\"p1\">Im Rahmen des bundesweiten F\u00f6rderprogrammes <a href=\"https:\/\/neustartkultur.de\/\" target=\"_blank\" rel=\"noopener\">NEUSTART KULTUR<\/a> konnte die Medienwerkstatt am Institut f\u00fcr neue Medien Rostock im Sommer 2021 neue Film- und Kinotechnik zusammenstellen. Das, speziell f\u00fcr den mobilen Einsatz in Mecklenburg-Vorpommern konzipierte, Technikpaket besteht aus zwei Komponenten.<\/p>\n<p class=\"p1\">F\u00fcr flexible Film- und Animationsprojekte wurden 10 Tablets inkl. Zubeh\u00f6r zusammengestellt, die nahezu jeden Ort zur Produktionsst\u00e4tte verwandeln. Das Tablet-Set eignet sich besonders f\u00fcr mobile Kurse und Workshops rund um Kurzfilm, Animation oder Social Media. Zum ersten Mal kam das Setup im <a href=\"https:\/\/www.facebook.com\/MGHSchwaan\/\" target=\"_blank\" rel=\"noopener\">Mehrgenerationenhaus in Schwaan<\/a> zum Einsatz. So konnten sich die Teilnehmenden zwischen Kindergarten- und Rentenalter an Kameraarbeit und Filmschnitt probieren.<\/p>\n<p class=\"p1\">Den zweiten Teil des mobilen Technikpaketes bildet ein \u201eSilent Cinema\u201c Set, bestehend aus einem gro\u00dfen Zelt, transportabler Bestuhlung, Leinwand,<br \/>\nProjektionstechnik sowie einem Set Funkkopfh\u00f6rer. Das Kinozelt wird unter anderem bei Musikfestivals oder Kulturh\u00e4usern in Mecklenburg-Vorpommern aufgestellt und erm\u00f6glicht BesucherInnen ein spannendes Kinoerlebnis abseits der gro\u00dfen Leinw\u00e4nde. Das \u201eKopfh\u00f6rerkino\u201c kam bereits vom 6. bis 8. August bei dem <a href=\"https:\/\/3000-festival.de\/\" target=\"_blank\" rel=\"noopener\">Musikfestival 3000 Grad<\/a> bei Feldberg zum Einsatz. Die gezeigten Beitr\u00e4ge bestanden aus Kurzfilmen junger Filmschaffenden aus Deutschland und dem Ostseeraum, welche im April 2021 auf dem 18. FiSH Filmfestival in Rostock liefen. Das Kopfh\u00f6rerkino wird <a href=\"https:\/\/fish-festival.de\/fishzug\/\" target=\"_blank\" rel=\"noopener\">im August und September<\/a> noch an verschiedenen Orten wie beispielsweise Br\u00fcssow, Gessin, Schwerin oder Demmin zum Einsatz kommen.<\/p>\n<\/div><\/div><style type=\"text\/css\">.fusion-body .fusion-builder-column-0{width:100% !important;margin-top : 0px;margin-bottom : 50px;}.fusion-builder-column-0 > .fusion-column-wrapper {padding-top : 0px !important;padding-right : 0px !important;margin-right : 1.92%;padding-bottom : 0px !important;padding-left : 0px !important;margin-left : 1.92%;}@media only screen and (max-width:1023px) {.fusion-body .fusion-builder-column-0{width:100% !important;order : 0;}.fusion-builder-column-0 > .fusion-column-wrapper {margin-right : 1.92%;margin-left : 1.92%;}}@media only screen and (max-width:640px) {.fusion-body .fusion-builder-column-0{width:100% !important;order : 0;}.fusion-builder-column-0 > .fusion-column-wrapper {margin-right : 1.92%;margin-left : 1.92%;}}<\/style><\/div><div class=\"fusion-layout-column fusion_builder_column fusion-builder-column-1 fusion_builder_column_1_2 1_2 fusion-flex-column\"><div class=\"fusion-column-wrapper fusion-flex-justify-content-flex-start fusion-content-layout-column\" style=\"background-position:left top;background-repeat:no-repeat;-webkit-background-size:cover;-moz-background-size:cover;-o-background-size:cover;background-size:cover;padding: 0px 0px 0px 0px;\"><div ><span class=\" fusion-imageframe imageframe-none imageframe-1 hover-type-none\"><img decoding=\"async\" src=\"data:image\/gif;base64,R0lGODlhAQABAAAAACH5BAEKAAEALAAAAAABAAEAAAICTAEAOw==\" data-orig-src=\"https:\/\/ifnm.de\/blog\/wp-content\/uploads\/2021\/08\/IMG_20210727_100104-scaled.jpg\" alt class=\"lazyload img-responsive\"\/><\/span><\/div><div class=\"fusion-text fusion-text-2\" style=\"font-size:12px;margin-top:15px;\"><p class=\"p1\" style=\"text-align: center;\">Mit Hilfe eines Tablets entstand ein Animationsfilm \u00fcber die Ernte, Foto: Paul Jakobi, IfnM<\/p>\n<\/div><\/div><style type=\"text\/css\">.fusion-body .fusion-builder-column-1{width:50% !important;margin-top : 0px;margin-bottom : 0px;}.fusion-builder-column-1 > .fusion-column-wrapper {padding-top : 0px !important;padding-right : 0px !important;margin-right : 3.84%;padding-bottom : 0px !important;padding-left : 0px !important;margin-left : 3.84%;}@media only screen and (max-width:1023px) {.fusion-body .fusion-builder-column-1{width:100% !important;order : 0;}.fusion-builder-column-1 > .fusion-column-wrapper {margin-right : 1.92%;margin-left : 1.92%;}}@media only screen and (max-width:640px) {.fusion-body .fusion-builder-column-1{width:100% !important;order : 0;}.fusion-builder-column-1 > .fusion-column-wrapper {margin-right : 1.92%;margin-left : 1.92%;}}<\/style><\/div><div class=\"fusion-layout-column fusion_builder_column fusion-builder-column-2 fusion_builder_column_1_2 1_2 fusion-flex-column\"><div class=\"fusion-column-wrapper fusion-flex-justify-content-flex-start fusion-content-layout-column\" style=\"background-position:left top;background-repeat:no-repeat;-webkit-background-size:cover;-moz-background-size:cover;-o-background-size:cover;background-size:cover;padding: 0px 0px 0px 0px;\"><div ><span class=\" fusion-imageframe imageframe-none imageframe-2 hover-type-none\"><img decoding=\"async\" src=\"data:image\/gif;base64,R0lGODlhAQABAAAAACH5BAEKAAEALAAAAAABAAEAAAICTAEAOw==\" data-orig-src=\"https:\/\/ifnm.de\/blog\/wp-content\/uploads\/2021\/08\/FiSH_3000_f-scaled.jpg\" alt class=\"lazyload img-responsive\"\/><\/span><\/div><div class=\"fusion-text fusion-text-3\" style=\"font-size:12px;margin-top:15px;\"><p class=\"p1\" style=\"text-align: center;\">Film ab im Kopfh\u00f6rerkino auf dem 3000 Grad Festival, Foto: Arne Papenhagen, FiSH Filmfestival<\/p>\n<\/div><\/div><style type=\"text\/css\">.fusion-body .fusion-builder-column-2{width:50% !important;margin-top : 0px;margin-bottom : 0px;}.fusion-builder-column-2 > .fusion-column-wrapper {padding-top : 0px !important;padding-right : 0px !important;margin-right : 3.84%;padding-bottom : 0px !important;padding-left : 0px !important;margin-left : 3.84%;}@media only screen and (max-width:1023px) {.fusion-body .fusion-builder-column-2{width:100% !important;order : 0;}.fusion-builder-column-2 > .fusion-column-wrapper {margin-right : 1.92%;margin-left : 1.92%;}}@media only screen and (max-width:640px) {.fusion-body .fusion-builder-column-2{width:100% !important;order : 0;}.fusion-builder-column-2 > .fusion-column-wrapper {margin-right : 1.92%;margin-left : 1.92%;}}<\/style><\/div><\/div><style type=\"text\/css\">.fusion-body .fusion-flex-container.fusion-builder-row-1{ padding-top : 0px;margin-top : 0px;padding-right : 0px;padding-bottom : 0px;margin-bottom : 0px;padding-left : 0px;}<\/style><\/div><div class=\"fusion-fullwidth fullwidth-box fusion-builder-row-2 fusion-flex-container nonhundred-percent-fullwidth non-hundred-percent-height-scrolling\" style=\"background-color: rgba(255,255,255,0);background-position: center center;background-repeat: no-repeat;border-width: 0px 0px 0px 0px;border-color:#eae9e9;border-style:solid;\" ><div class=\"fusion-builder-row fusion-row fusion-flex-align-items-flex-start\" style=\"max-width:1144px;margin-left: calc(-4% \/ 2 );margin-right: calc(-4% \/ 2 );\"><div class=\"fusion-layout-column fusion_builder_column fusion-builder-column-3 fusion_builder_column_1_1 1_1 fusion-flex-column\"><div class=\"fusion-column-wrapper fusion-flex-justify-content-flex-start fusion-content-layout-column\" style=\"background-position:left top;background-repeat:no-repeat;-webkit-background-size:cover;-moz-background-size:cover;-o-background-size:cover;background-size:cover;padding: 0px 0px 0px 0px;\"><div class=\"fusion-text fusion-text-4\" style=\"font-size:12px;\"><p style=\"text-align: center;\"><a href=\"https:\/\/www.bundesregierung.de\/breg-de\/bundesregierung\/staatsministerin-fuer-kultur-und-medien\" target=\"_blank\" rel=\"noopener\">Gef\u00f6rdert in 2021 von der Beauftragten der Bundesregierung f\u00fcr Kultur und Medien<\/a><\/p>\n<\/div><div style=\"text-align:center;\"><span class=\" fusion-imageframe imageframe-none imageframe-3 hover-type-none\"><img decoding=\"async\" width=\"2000\" height=\"239\" title=\"BVS_NEUSTARTKULTUR_Zentren_Rapport_RGB_2000px\" src=\"https:\/\/fish-festival.de\/wp-content\/uploads\/2021\/08\/BVS_NEUSTARTKULTUR_Zentren_Rapport_RGB_2000px.png\" data-orig-src=\"https:\/\/fish-festival.de\/wp-content\/uploads\/2021\/08\/BVS_NEUSTARTKULTUR_Zentren_Rapport_RGB_2000px.png\" alt class=\"lazyload img-responsive wp-image-18260\" srcset=\"data:image\/svg+xml,%3Csvg%20xmlns%3D%27http%3A%2F%2Fwww.w3.org%2F2000%2Fsvg%27%20width%3D%272000%27%20height%3D%27239%27%20viewBox%3D%270%200%202000%20239%27%3E%3Crect%20width%3D%272000%27%20height%3D%27239%27%20fill-opacity%3D%220%22%2F%3E%3C%2Fsvg%3E\" data-srcset=\"https:\/\/fish-festival.de\/wp-content\/uploads\/2021\/08\/BVS_NEUSTARTKULTUR_Zentren_Rapport_RGB_2000px-200x24.png 200w, https:\/\/fish-festival.de\/wp-content\/uploads\/2021\/08\/BVS_NEUSTARTKULTUR_Zentren_Rapport_RGB_2000px-400x48.png 400w, https:\/\/fish-festival.de\/wp-content\/uploads\/2021\/08\/BVS_NEUSTARTKULTUR_Zentren_Rapport_RGB_2000px-600x72.png 600w, https:\/\/fish-festival.de\/wp-content\/uploads\/2021\/08\/BVS_NEUSTARTKULTUR_Zentren_Rapport_RGB_2000px-800x96.png 800w, https:\/\/fish-festival.de\/wp-content\/uploads\/2021\/08\/BVS_NEUSTARTKULTUR_Zentren_Rapport_RGB_2000px-1200x143.png 1200w, https:\/\/fish-festival.de\/wp-content\/uploads\/2021\/08\/BVS_NEUSTARTKULTUR_Zentren_Rapport_RGB_2000px.png 2000w\" data-sizes=\"auto\" data-orig-sizes=\"(max-width: 1023px) 100vw, (max-width: 640px) 100vw, 1200px\" \/><\/span><\/div><\/div><style type=\"text\/css\">.fusion-body .fusion-builder-column-3{width:100% !important;margin-top : 0px;margin-bottom : 0px;}.fusion-builder-column-3 > .fusion-column-wrapper {padding-top : 0px !important;padding-right : 0px !important;margin-right : 1.92%;padding-bottom : 0px !important;padding-left : 0px !important;margin-left : 1.92%;}@media only screen and (max-width:1023px) {.fusion-body .fusion-builder-column-3{width:100% !important;order : 0;}.fusion-builder-column-3 > .fusion-column-wrapper {margin-right : 1.92%;margin-left : 1.92%;}}@media only screen and (max-width:640px) {.fusion-body .fusion-builder-column-3{width:100% !important;order : 0;}.fusion-builder-column-3 > .fusion-column-wrapper {margin-right : 1.92%;margin-left : 1.92%;}}<\/style><\/div><\/div><style type=\"text\/css\">.fusion-body .fusion-flex-container.fusion-builder-row-2{ padding-top : 0px;margin-top : 50px;padding-right : 0px;padding-bottom : 0px;margin-bottom : 50px;padding-left : 0px;}<\/style><\/div>\n","protected":false},"excerpt":{"rendered":"<p>Im Rahmen des bundesweiten F\u00f6rderprogrammes NEUSTART KULTUR konnte die Medienwerkstatt am Institut f\u00fcr neue Medien Rostock im Sommer 2021 neue Film- und Kinotechnik zusammenstellen, um mobile Workshops und Veranstaltungen rund um Animation und Kurzfilm im l\u00e4ndlichen Raum anzubieten.<\/p>\n","protected":false},"author":1,"featured_media":18263,"comment_status":"closed","ping_status":"open","sticky":false,"template":"","format":"standard","meta":{"om_disable_all_campaigns":false,"_monsterinsights_skip_tracking":false,"_monsterinsights_sitenote_active":false,"_monsterinsights_sitenote_note":"","_monsterinsights_sitenote_category":0,"episode_type":"","audio_file":"","cover_image":"","cover_image_id":"","duration":"","filesize":"","date_recorded":"","explicit":"","block":"","filesize_raw":"","ngg_post_thumbnail":0,"footnotes":""},"categories":[1],"tags":[],"class_list":["post-18256","post","type-post","status-publish","format-standard","has-post-thumbnail","hentry","category-allgemein"],"aioseo_notices":[],"yoast_head":"<!-- This site is optimized with the Yoast SEO plugin v20.0 - https:\/\/yoast.com\/wordpress\/plugins\/seo\/ -->\n<title>NEUSTART KULTUR macht mobiles Kino in M-V m\u00f6glich &ndash; FiSH<\/title>\n<meta name=\"robots\" content=\"index, follow, max-snippet:-1, max-image-preview:large, max-video-preview:-1\" \/>\n<link rel=\"canonical\" href=\"https:\/\/fish-festival.de\/neustart-kultur-macht-mobiles-kino-in-m-v-moeglich\/\" \/>\n<meta property=\"og:locale\" content=\"en_US\" \/>\n<meta property=\"og:type\" content=\"article\" \/>\n<meta property=\"og:title\" content=\"NEUSTART KULTUR macht mobiles Kino in M-V m\u00f6glich &ndash; FiSH\" \/>\n<meta property=\"og:description\" content=\"Im Rahmen des bundesweiten F\u00f6rderprogrammes NEUSTART KULTUR konnte die Medienwerkstatt am Institut f\u00fcr neue Medien Rostock im Sommer 2021 neue Film- und Kinotechnik zusammenstellen, um mobile Workshops und Veranstaltungen rund um Animation und Kurzfilm im l\u00e4ndlichen Raum anzubieten.\" \/>\n<meta property=\"og:url\" content=\"https:\/\/fish-festival.de\/neustart-kultur-macht-mobiles-kino-in-m-v-moeglich\/\" \/>\n<meta property=\"og:site_name\" content=\"FiSH\" \/>\n<meta property=\"article:publisher\" content=\"https:\/\/www.facebook.com\/fish.filmfestival\" \/>\n<meta property=\"article:published_time\" content=\"2021-08-13T11:06:02+00:00\" \/>\n<meta property=\"article:modified_time\" content=\"2021-08-13T11:07:34+00:00\" \/>\n<meta property=\"og:image\" content=\"https:\/\/fish-festival.de\/wp-content\/uploads\/2021\/08\/FiSH_3000_f-scaled.jpg\" \/>\n\t<meta property=\"og:image:width\" content=\"2560\" \/>\n\t<meta property=\"og:image:height\" content=\"1920\" \/>\n\t<meta property=\"og:image:type\" content=\"image\/jpeg\" \/>\n<meta name=\"author\" content=\"doktorfish\" \/>\n<meta name=\"twitter:label1\" content=\"Written by\" \/>\n\t<meta name=\"twitter:data1\" content=\"doktorfish\" \/>\n\t<meta name=\"twitter:label2\" content=\"Est. reading time\" \/>\n\t<meta name=\"twitter:data2\" content=\"5 minutes\" \/>\n<script type=\"application\/ld+json\" class=\"yoast-schema-graph\">{\"@context\":\"https:\/\/schema.org\",\"@graph\":[{\"@type\":\"Article\",\"@id\":\"https:\/\/fish-festival.de\/neustart-kultur-macht-mobiles-kino-in-m-v-moeglich\/#article\",\"isPartOf\":{\"@id\":\"https:\/\/fish-festival.de\/neustart-kultur-macht-mobiles-kino-in-m-v-moeglich\/\"},\"author\":{\"name\":\"doktorfish\",\"@id\":\"https:\/\/fish-festival.de\/#\/schema\/person\/b19b29c33a68e03a4f13a6fefbffeab4\"},\"headline\":\"NEUSTART KULTUR macht mobiles Kino in M-V m\u00f6glich\",\"datePublished\":\"2021-08-13T11:06:02+00:00\",\"dateModified\":\"2021-08-13T11:07:34+00:00\",\"mainEntityOfPage\":{\"@id\":\"https:\/\/fish-festival.de\/neustart-kultur-macht-mobiles-kino-in-m-v-moeglich\/\"},\"wordCount\":2450,\"publisher\":{\"@id\":\"https:\/\/fish-festival.de\/#organization\"},\"articleSection\":[\"Allgemein\"],\"inLanguage\":\"en-US\"},{\"@type\":\"WebPage\",\"@id\":\"https:\/\/fish-festival.de\/neustart-kultur-macht-mobiles-kino-in-m-v-moeglich\/\",\"url\":\"https:\/\/fish-festival.de\/neustart-kultur-macht-mobiles-kino-in-m-v-moeglich\/\",\"name\":\"NEUSTART KULTUR macht mobiles Kino in M-V m\u00f6glich &ndash; FiSH\",\"isPartOf\":{\"@id\":\"https:\/\/fish-festival.de\/#website\"},\"datePublished\":\"2021-08-13T11:06:02+00:00\",\"dateModified\":\"2021-08-13T11:07:34+00:00\",\"breadcrumb\":{\"@id\":\"https:\/\/fish-festival.de\/neustart-kultur-macht-mobiles-kino-in-m-v-moeglich\/#breadcrumb\"},\"inLanguage\":\"en-US\",\"potentialAction\":[{\"@type\":\"ReadAction\",\"target\":[\"https:\/\/fish-festival.de\/neustart-kultur-macht-mobiles-kino-in-m-v-moeglich\/\"]}]},{\"@type\":\"BreadcrumbList\",\"@id\":\"https:\/\/fish-festival.de\/neustart-kultur-macht-mobiles-kino-in-m-v-moeglich\/#breadcrumb\",\"itemListElement\":[{\"@type\":\"ListItem\",\"position\":1,\"name\":\"Startseite\",\"item\":\"https:\/\/fish-festival.de\/en\/home\/\"},{\"@type\":\"ListItem\",\"position\":2,\"name\":\"NEUSTART KULTUR macht mobiles Kino in M-V m\u00f6glich\"}]},{\"@type\":\"WebSite\",\"@id\":\"https:\/\/fish-festival.de\/#website\",\"url\":\"https:\/\/fish-festival.de\/\",\"name\":\"FiSH\",\"description\":\"\",\"publisher\":{\"@id\":\"https:\/\/fish-festival.de\/#organization\"},\"potentialAction\":[{\"@type\":\"SearchAction\",\"target\":{\"@type\":\"EntryPoint\",\"urlTemplate\":\"https:\/\/fish-festival.de\/?s={search_term_string}\"},\"query-input\":\"required name=search_term_string\"}],\"inLanguage\":\"en-US\"},{\"@type\":\"Organization\",\"@id\":\"https:\/\/fish-festival.de\/#organization\",\"name\":\"FiSH\",\"url\":\"https:\/\/fish-festival.de\/\",\"logo\":{\"@type\":\"ImageObject\",\"inLanguage\":\"en-US\",\"@id\":\"https:\/\/fish-festival.de\/#\/schema\/logo\/image\/\",\"url\":\"https:\/\/fish-festival.de\/wp-content\/uploads\/2021\/10\/FiSH21-Preisverleihung-5-1024x682.jpg\",\"contentUrl\":\"https:\/\/fish-festival.de\/wp-content\/uploads\/2021\/10\/FiSH21-Preisverleihung-5-1024x682.jpg\",\"width\":1024,\"height\":682,\"caption\":\"FiSH\"},\"image\":{\"@id\":\"https:\/\/fish-festival.de\/#\/schema\/logo\/image\/\"},\"sameAs\":[\"https:\/\/www.instagram.com\/fish_filmfestival\/\",\"https:\/\/www.youtube.com\/user\/FishFestival\",\"https:\/\/www.facebook.com\/fish.filmfestival\",\"https:\/\/twitter.com\/fishfestival\"]},{\"@type\":\"Person\",\"@id\":\"https:\/\/fish-festival.de\/#\/schema\/person\/b19b29c33a68e03a4f13a6fefbffeab4\",\"name\":\"doktorfish\",\"image\":{\"@type\":\"ImageObject\",\"inLanguage\":\"en-US\",\"@id\":\"https:\/\/fish-festival.de\/#\/schema\/person\/image\/\",\"url\":\"https:\/\/secure.gravatar.com\/avatar\/30201a6d2501a1e2d3a50f2cc995da62?s=96&d=mm&r=g\",\"contentUrl\":\"https:\/\/secure.gravatar.com\/avatar\/30201a6d2501a1e2d3a50f2cc995da62?s=96&d=mm&r=g\",\"caption\":\"doktorfish\"}}]}<\/script>\n<!-- \/ Yoast SEO plugin. -->","yoast_head_json":{"title":"NEUSTART KULTUR macht mobiles Kino in M-V m\u00f6glich &ndash; FiSH","robots":{"index":"index","follow":"follow","max-snippet":"max-snippet:-1","max-image-preview":"max-image-preview:large","max-video-preview":"max-video-preview:-1"},"canonical":"https:\/\/fish-festival.de\/neustart-kultur-macht-mobiles-kino-in-m-v-moeglich\/","og_locale":"en_US","og_type":"article","og_title":"NEUSTART KULTUR macht mobiles Kino in M-V m\u00f6glich &ndash; FiSH","og_description":"Im Rahmen des bundesweiten F\u00f6rderprogrammes NEUSTART KULTUR konnte die Medienwerkstatt am Institut f\u00fcr neue Medien Rostock im Sommer 2021 neue Film- und Kinotechnik zusammenstellen, um mobile Workshops und Veranstaltungen rund um Animation und Kurzfilm im l\u00e4ndlichen Raum anzubieten.","og_url":"https:\/\/fish-festival.de\/neustart-kultur-macht-mobiles-kino-in-m-v-moeglich\/","og_site_name":"FiSH","article_publisher":"https:\/\/www.facebook.com\/fish.filmfestival","article_published_time":"2021-08-13T11:06:02+00:00","article_modified_time":"2021-08-13T11:07:34+00:00","og_image":[{"width":2560,"height":1920,"url":"https:\/\/fish-festival.de\/wp-content\/uploads\/2021\/08\/FiSH_3000_f-scaled.jpg","type":"image\/jpeg"}],"author":"doktorfish","twitter_misc":{"Written by":"doktorfish","Est. reading time":"5 minutes"},"schema":{"@context":"https:\/\/schema.org","@graph":[{"@type":"Article","@id":"https:\/\/fish-festival.de\/neustart-kultur-macht-mobiles-kino-in-m-v-moeglich\/#article","isPartOf":{"@id":"https:\/\/fish-festival.de\/neustart-kultur-macht-mobiles-kino-in-m-v-moeglich\/"},"author":{"name":"doktorfish","@id":"https:\/\/fish-festival.de\/#\/schema\/person\/b19b29c33a68e03a4f13a6fefbffeab4"},"headline":"NEUSTART KULTUR macht mobiles Kino in M-V m\u00f6glich","datePublished":"2021-08-13T11:06:02+00:00","dateModified":"2021-08-13T11:07:34+00:00","mainEntityOfPage":{"@id":"https:\/\/fish-festival.de\/neustart-kultur-macht-mobiles-kino-in-m-v-moeglich\/"},"wordCount":2450,"publisher":{"@id":"https:\/\/fish-festival.de\/#organization"},"articleSection":["Allgemein"],"inLanguage":"en-US"},{"@type":"WebPage","@id":"https:\/\/fish-festival.de\/neustart-kultur-macht-mobiles-kino-in-m-v-moeglich\/","url":"https:\/\/fish-festival.de\/neustart-kultur-macht-mobiles-kino-in-m-v-moeglich\/","name":"NEUSTART KULTUR macht mobiles Kino in M-V m\u00f6glich &ndash; FiSH","isPartOf":{"@id":"https:\/\/fish-festival.de\/#website"},"datePublished":"2021-08-13T11:06:02+00:00","dateModified":"2021-08-13T11:07:34+00:00","breadcrumb":{"@id":"https:\/\/fish-festival.de\/neustart-kultur-macht-mobiles-kino-in-m-v-moeglich\/#breadcrumb"},"inLanguage":"en-US","potentialAction":[{"@type":"ReadAction","target":["https:\/\/fish-festival.de\/neustart-kultur-macht-mobiles-kino-in-m-v-moeglich\/"]}]},{"@type":"BreadcrumbList","@id":"https:\/\/fish-festival.de\/neustart-kultur-macht-mobiles-kino-in-m-v-moeglich\/#breadcrumb","itemListElement":[{"@type":"ListItem","position":1,"name":"Startseite","item":"https:\/\/fish-festival.de\/en\/home\/"},{"@type":"ListItem","position":2,"name":"NEUSTART KULTUR macht mobiles Kino in M-V m\u00f6glich"}]},{"@type":"WebSite","@id":"https:\/\/fish-festival.de\/#website","url":"https:\/\/fish-festival.de\/","name":"FiSH","description":"","publisher":{"@id":"https:\/\/fish-festival.de\/#organization"},"potentialAction":[{"@type":"SearchAction","target":{"@type":"EntryPoint","urlTemplate":"https:\/\/fish-festival.de\/?s={search_term_string}"},"query-input":"required name=search_term_string"}],"inLanguage":"en-US"},{"@type":"Organization","@id":"https:\/\/fish-festival.de\/#organization","name":"FiSH","url":"https:\/\/fish-festival.de\/","logo":{"@type":"ImageObject","inLanguage":"en-US","@id":"https:\/\/fish-festival.de\/#\/schema\/logo\/image\/","url":"https:\/\/fish-festival.de\/wp-content\/uploads\/2021\/10\/FiSH21-Preisverleihung-5-1024x682.jpg","contentUrl":"https:\/\/fish-festival.de\/wp-content\/uploads\/2021\/10\/FiSH21-Preisverleihung-5-1024x682.jpg","width":1024,"height":682,"caption":"FiSH"},"image":{"@id":"https:\/\/fish-festival.de\/#\/schema\/logo\/image\/"},"sameAs":["https:\/\/www.instagram.com\/fish_filmfestival\/","https:\/\/www.youtube.com\/user\/FishFestival","https:\/\/www.facebook.com\/fish.filmfestival","https:\/\/twitter.com\/fishfestival"]},{"@type":"Person","@id":"https:\/\/fish-festival.de\/#\/schema\/person\/b19b29c33a68e03a4f13a6fefbffeab4","name":"doktorfish","image":{"@type":"ImageObject","inLanguage":"en-US","@id":"https:\/\/fish-festival.de\/#\/schema\/person\/image\/","url":"https:\/\/secure.gravatar.com\/avatar\/30201a6d2501a1e2d3a50f2cc995da62?s=96&d=mm&r=g","contentUrl":"https:\/\/secure.gravatar.com\/avatar\/30201a6d2501a1e2d3a50f2cc995da62?s=96&d=mm&r=g","caption":"doktorfish"}}]}},"_links":{"self":[{"href":"https:\/\/fish-festival.de\/en\/wp-json\/wp\/v2\/posts\/18256","targetHints":{"allow":["GET"]}}],"collection":[{"href":"https:\/\/fish-festival.de\/en\/wp-json\/wp\/v2\/posts"}],"about":[{"href":"https:\/\/fish-festival.de\/en\/wp-json\/wp\/v2\/types\/post"}],"author":[{"embeddable":true,"href":"https:\/\/fish-festival.de\/en\/wp-json\/wp\/v2\/users\/1"}],"replies":[{"embeddable":true,"href":"https:\/\/fish-festival.de\/en\/wp-json\/wp\/v2\/comments?post=18256"}],"version-history":[{"count":8,"href":"https:\/\/fish-festival.de\/en\/wp-json\/wp\/v2\/posts\/18256\/revisions"}],"predecessor-version":[{"id":18268,"href":"https:\/\/fish-festival.de\/en\/wp-json\/wp\/v2\/posts\/18256\/revisions\/18268"}],"wp:featuredmedia":[{"embeddable":true,"href":"https:\/\/fish-festival.de\/en\/wp-json\/wp\/v2\/media\/18263"}],"wp:attachment":[{"href":"https:\/\/fish-festival.de\/en\/wp-json\/wp\/v2\/media?parent=18256"}],"wp:term":[{"taxonomy":"category","embeddable":true,"href":"https:\/\/fish-festival.de\/en\/wp-json\/wp\/v2\/categories?post=18256"},{"taxonomy":"post_tag","embeddable":true,"href":"https:\/\/fish-festival.de\/en\/wp-json\/wp\/v2\/tags?post=18256"}],"curies":[{"name":"wp","href":"https:\/\/api.w.org\/{rel}","templated":true}]}}