{"id":13867,"date":"2019-12-12T11:38:36","date_gmt":"2019-12-12T10:38:36","guid":{"rendered":"https:\/\/fish-festival.de\/?p=13867"},"modified":"2019-12-12T11:40:45","modified_gmt":"2019-12-12T10:40:45","slug":"irgendwas-mit-tieren-fish-laedt-zum-kurzfilmtag","status":"publish","type":"post","link":"https:\/\/fish-festival.de\/en\/irgendwas-mit-tieren-fish-laedt-zum-kurzfilmtag\/","title":{"rendered":"Irgendwas mit Tieren &#8211; FiSH l\u00e4dt zum Kurzfilmtag"},"content":{"rendered":"<div class=\"fusion-fullwidth fullwidth-box fusion-builder-row-1 nonhundred-percent-fullwidth non-hundred-percent-height-scrolling\" style=\"background-color: rgba(255,255,255,0);background-position: center center;background-repeat: no-repeat;padding-top:0px;padding-right:0px;padding-bottom:0px;padding-left:0px;margin-bottom: 0px;margin-top: 0px;border-width: 0px 0px 0px 0px;border-color:#eae9e9;border-style:solid;\" ><div class=\"fusion-builder-row fusion-row\"><div class=\"fusion-layout-column fusion_builder_column fusion-builder-column-0 fusion_builder_column_1_1 1_1 fusion-one-full fusion-column-first fusion-column-last\" style=\"margin-top:0px;margin-bottom:0px;\"><div class=\"fusion-column-wrapper fusion-flex-column-wrapper-legacy\" style=\"background-position:left top;background-repeat:no-repeat;-webkit-background-size:cover;-moz-background-size:cover;-o-background-size:cover;background-size:cover;padding: 0px 0px 0px 0px;\"><div class=\"fusion-text fusion-text-1\"><p class=\"p2\">Am 21. Dezember feiert Deutschland zum nunmehr achten Mal den <a href=\"https:\/\/kurzfilmtag.com\/\" target=\"_blank\" rel=\"noopener noreferrer\">Kurzfilmtag<\/a>, zum dem unterschiedlichste Orte wie WG-K\u00fcchen, Einkaufspassagen aber auch Hausfassaden zu tempor\u00e4ren Spielst\u00e4tten umfunktioniert werden.<\/p>\n<p class=\"p2\">Auch wir beteiligen uns wieder an der Initiative und laden am 17. Dezember ab 18:30 Uhr zum Open-Air-Kino an der FRIEDA23.<\/p>\n<p class=\"p2\">Unter dem Motto <strong>Irgendwas mit Tieren<\/strong> gibt&#8217;s ab 19:00 Uhr ein 45-min\u00fctiges Programm aus Kurzfilmen verschiedener Genres, die zum gemeinsamen Lachen einladen. Dazu werden warme Decken und Gl\u00fchwein gereicht. Die gezeigten Filme sind jugendfrei. Der Eintritt zu der \u00f6ffentlichen Veranstaltung ist frei.<\/p>\n<\/div><style type='text\/css'>.reading-box-container-1 .element-bottomshadow:before,.reading-box-container-1 .element-bottomshadow:after{opacity:0.70;}<\/style><div class=\"fusion-reading-box-container reading-box-container-1\" style=\"margin-top:0px;margin-bottom:50px;\"><div class=\"reading-box reading-box-center\" style=\"background-color:#f6f6f6;border-width:0px;border-color:#f6f6f6;border-style:solid;\"><h2>Jetzt deine Eltern einladen!<\/h2><a class=\"button fusion-button button-default fusion-button-default-size button-default-size button-flat fusion-mobile-button continue-center\" style=\"-webkit-box-shadow:none;-moz-box-shadow:none;box-shadow:none;border-radius:0px 0px 0px 0px\" href=\"https:\/\/www.facebook.com\/events\/519064752023171\/\" target=\"_blank\" rel=\"noopener noreferrer\"><span>Zum Facebook-Event<\/span><\/a><\/div><\/div><div class=\"fusion-clearfix\"><\/div><\/div><\/div><\/div><\/div><div class=\"fusion-fullwidth fullwidth-box fusion-builder-row-2 nonhundred-percent-fullwidth non-hundred-percent-height-scrolling\" style=\"background-color: rgba(255,255,255,0);background-position: center center;background-repeat: no-repeat;padding-top:0px;padding-right:0px;padding-bottom:0px;padding-left:0px;margin-bottom: 0px;margin-top: 50px;border-width: 0px 0px 0px 0px;border-color:#eae9e9;border-style:solid;\" ><div class=\"fusion-builder-row fusion-row\"><div class=\"fusion-layout-column fusion_builder_column fusion-builder-column-1 fusion_builder_column_1_1 1_1 fusion-one-full fusion-column-first fusion-column-last\" style=\"margin-top:0px;margin-bottom:0px;\"><div class=\"fusion-column-wrapper fusion-flex-column-wrapper-legacy\" style=\"background-position:left top;background-repeat:no-repeat;-webkit-background-size:cover;-moz-background-size:cover;-o-background-size:cover;background-size:cover;padding: 0px 0px 0px 0px;\"><style type=\"text\/css\">@media only screen and (max-width:1023px) {.fusion-title.fusion-title-1{margin-top:!important;margin-bottom:0px!important;}}<\/style><div class=\"fusion-title title fusion-title-1 fusion-sep-none fusion-title-text fusion-title-size-three\" style=\"margin-top:0px;margin-right:0px;margin-bottom:30px;margin-left:0px;\"><h3 class=\"title-heading-left\" style=\"margin:0;\">Programm<\/h3><\/div><div class=\"fusion-clearfix\"><\/div><\/div><\/div><div class=\"fusion-layout-column fusion_builder_column fusion-builder-column-2 fusion_builder_column_1_2 1_2 fusion-one-half fusion-column-first\" style=\"width:50%;width:calc(50% - ( ( 4% ) * 0.5 ) );margin-right: 4%;margin-top:0px;margin-bottom:0px;\"><div class=\"fusion-column-wrapper fusion-flex-column-wrapper-legacy\" style=\"background-position:left top;background-repeat:no-repeat;-webkit-background-size:cover;-moz-background-size:cover;-o-background-size:cover;background-size:cover;padding: 0px 0px 0px 0px;\"><ul class=\"fusion-checklist fusion-checklist-1\" style=\"font-size:14px;line-height:23.8px;\"><li style=\"background-color:rgba(255,255,255,0);\" class=\"fusion-li-item\"><span style=\"height:23.8px;width:23.8px;margin-right:9.8px;\" class=\"icon-wrapper circle-no\"><i class=\"fusion-li-icon fa-angle-double-right fas\" style=\"color:#000000;\" aria-hidden=\"true\"><\/i><\/span><div class=\"fusion-li-item-content\" style=\"margin-left:33.6px;color:#21325f;\">\n<p>Nachtst\u00fcck, Animaton, Deutschland 2016<\/p>\n<\/div><\/li><li style=\"background-color:rgba(255,255,255,0);\" class=\"fusion-li-item\"><span style=\"height:23.8px;width:23.8px;margin-right:9.8px;\" class=\"icon-wrapper circle-no\"><i class=\"fusion-li-icon fa-angle-double-right fas\" style=\"color:#000000;\" aria-hidden=\"true\"><\/i><\/span><div class=\"fusion-li-item-content\" style=\"margin-left:33.6px;color:#21325f;\">\n<p>Rattenskat, Animation, Deutschland 1999<\/p>\n<\/div><\/li><li style=\"background-color:rgba(255,255,255,0);\" class=\"fusion-li-item\"><span style=\"height:23.8px;width:23.8px;margin-right:9.8px;\" class=\"icon-wrapper circle-no\"><i class=\"fusion-li-icon fa-angle-double-right fas\" style=\"color:#000000;\" aria-hidden=\"true\"><\/i><\/span><div class=\"fusion-li-item-content\" style=\"margin-left:33.6px;color:#21325f;\">\n<p>BOB, Animation, Deutschland 2009<\/p>\n<\/div><\/li><li style=\"background-color:rgba(255,255,255,0);\" class=\"fusion-li-item\"><span style=\"height:23.8px;width:23.8px;margin-right:9.8px;\" class=\"icon-wrapper circle-no\"><i class=\"fusion-li-icon fa-angle-double-right fas\" style=\"color:#000000;\" aria-hidden=\"true\"><\/i><\/span><div class=\"fusion-li-item-content\" style=\"margin-left:33.6px;color:#21325f;\">\n<p>Catastrophe, Animation, Niederlande 2017<\/p>\n<\/div><\/li><li style=\"background-color:rgba(255,255,255,0);\" class=\"fusion-li-item\"><span style=\"height:23.8px;width:23.8px;margin-right:9.8px;\" class=\"icon-wrapper circle-no\"><i class=\"fusion-li-icon fa-angle-double-right fas\" style=\"color:#000000;\" aria-hidden=\"true\"><\/i><\/span><div class=\"fusion-li-item-content\" style=\"margin-left:33.6px;color:#21325f;\">\n<p>Exercise &#8211; die kleinen F\u00fcchse, Dokumentarfilm, Gro\u00dfbritannien 2013<\/p>\n<\/div><\/li><\/ul><div class=\"fusion-clearfix\"><\/div><\/div><\/div><div class=\"fusion-layout-column fusion_builder_column fusion-builder-column-3 fusion_builder_column_1_2 1_2 fusion-one-half fusion-column-last\" style=\"width:50%;width:calc(50% - ( ( 4% ) * 0.5 ) );margin-top:0px;margin-bottom:0px;\"><div class=\"fusion-column-wrapper fusion-flex-column-wrapper-legacy\" style=\"background-position:left top;background-repeat:no-repeat;-webkit-background-size:cover;-moz-background-size:cover;-o-background-size:cover;background-size:cover;padding: 0px 0px 0px 0px;\"><ul class=\"fusion-checklist fusion-checklist-2\" style=\"font-size:14px;line-height:23.8px;\"><li style=\"background-color:rgba(255,255,255,0);\" class=\"fusion-li-item\"><span style=\"height:23.8px;width:23.8px;margin-right:9.8px;\" class=\"icon-wrapper circle-no\"><i class=\"fusion-li-icon fa-angle-double-right fas\" style=\"color:#000000;\" aria-hidden=\"true\"><\/i><\/span><div class=\"fusion-li-item-content\" style=\"margin-left:33.6px;color:#21325f;\">\n<p>Working with Animals, Spielfilm, Norwegen 2016<\/p>\n<\/div><\/li><li style=\"background-color:rgba(255,255,255,0);\" class=\"fusion-li-item\"><span style=\"height:23.8px;width:23.8px;margin-right:9.8px;\" class=\"icon-wrapper circle-no\"><i class=\"fusion-li-icon fa-angle-double-right fas\" style=\"color:#000000;\" aria-hidden=\"true\"><\/i><\/span><div class=\"fusion-li-item-content\" style=\"margin-left:33.6px;color:#21325f;\">\n<p>Wildebeest, Animation, Belgien 2017<\/p>\n<\/div><\/li><li style=\"background-color:rgba(255,255,255,0);\" class=\"fusion-li-item\"><span style=\"height:23.8px;width:23.8px;margin-right:9.8px;\" class=\"icon-wrapper circle-no\"><i class=\"fusion-li-icon fa-angle-double-right fas\" style=\"color:#000000;\" aria-hidden=\"true\"><\/i><\/span><div class=\"fusion-li-item-content\" style=\"margin-left:33.6px;color:#21325f;\">\n<p>Schon Geh\u00f6rt, Animation, Deutschland 2016<\/p>\n<\/div><\/li><li style=\"background-color:rgba(255,255,255,0);\" class=\"fusion-li-item\"><span style=\"height:23.8px;width:23.8px;margin-right:9.8px;\" class=\"icon-wrapper circle-no\"><i class=\"fusion-li-icon fa-angle-double-right fas\" style=\"color:#000000;\" aria-hidden=\"true\"><\/i><\/span><div class=\"fusion-li-item-content\" style=\"margin-left:33.6px;color:#21325f;\">\n<p>Gro\u00dfe Gef\u00fchle, Animation, Deutschland 1999<\/p>\n<\/div><\/li><\/ul><div class=\"fusion-clearfix\"><\/div><\/div><\/div><\/div><\/div>\n","protected":false},"excerpt":{"rendered":"<p>Unter dem Motto &#8220;Irgendwas mit Tieren&#8221; l\u00e4dt das FiSH-Team am 17. Dezember zum kostenfreien Open-Air-Kino an der FRIEDA23.<\/p>\n","protected":false},"author":1,"featured_media":13868,"comment_status":"closed","ping_status":"open","sticky":false,"template":"","format":"standard","meta":{"om_disable_all_campaigns":false,"_monsterinsights_skip_tracking":false,"_monsterinsights_sitenote_active":false,"_monsterinsights_sitenote_note":"","_monsterinsights_sitenote_category":0,"episode_type":"","audio_file":"","cover_image":"","cover_image_id":"","duration":"","filesize":"","date_recorded":"","explicit":"","block":"","filesize_raw":"","ngg_post_thumbnail":0,"footnotes":""},"categories":[1],"tags":[232,144,171,165,12],"class_list":["post-13867","post","type-post","status-publish","format-standard","has-post-thumbnail","hentry","category-allgemein","tag-ag-kurzfilm","tag-frieda23","tag-kurzfilmtag","tag-open-air","tag-rostock"],"aioseo_notices":[],"yoast_head":"<!-- This site is optimized with the Yoast SEO plugin v20.0 - https:\/\/yoast.com\/wordpress\/plugins\/seo\/ -->\n<title>Irgendwas mit Tieren - FiSH l\u00e4dt zum Kurzfilmtag &ndash; FiSH<\/title>\n<meta name=\"robots\" content=\"index, follow, max-snippet:-1, max-image-preview:large, max-video-preview:-1\" \/>\n<link rel=\"canonical\" href=\"https:\/\/fish-festival.de\/irgendwas-mit-tieren-fish-laedt-zum-kurzfilmtag\/\" \/>\n<meta property=\"og:locale\" content=\"en_US\" \/>\n<meta property=\"og:type\" content=\"article\" \/>\n<meta property=\"og:title\" content=\"Irgendwas mit Tieren - FiSH l\u00e4dt zum Kurzfilmtag &ndash; FiSH\" \/>\n<meta property=\"og:description\" content=\"Unter dem Motto &quot;Irgendwas mit Tieren&quot; l\u00e4dt das FiSH-Team am 17. Dezember zum kostenfreien Open-Air-Kino an der FRIEDA23.\" \/>\n<meta property=\"og:url\" content=\"https:\/\/fish-festival.de\/irgendwas-mit-tieren-fish-laedt-zum-kurzfilmtag\/\" \/>\n<meta property=\"og:site_name\" content=\"FiSH\" \/>\n<meta property=\"article:publisher\" content=\"https:\/\/www.facebook.com\/fish.filmfestival\" \/>\n<meta property=\"article:published_time\" content=\"2019-12-12T10:38:36+00:00\" \/>\n<meta property=\"article:modified_time\" content=\"2019-12-12T10:40:45+00:00\" \/>\n<meta property=\"og:image\" content=\"https:\/\/fish-festival.de\/wp-content\/uploads\/2019\/12\/fish20-kurzfilmtag-1024x576.png\" \/>\n\t<meta property=\"og:image:width\" content=\"1024\" \/>\n\t<meta property=\"og:image:height\" content=\"576\" \/>\n\t<meta property=\"og:image:type\" content=\"image\/png\" \/>\n<meta name=\"author\" content=\"doktorfish\" \/>\n<meta name=\"twitter:label1\" content=\"Written by\" \/>\n\t<meta name=\"twitter:data1\" content=\"doktorfish\" \/>\n\t<meta name=\"twitter:label2\" content=\"Est. reading time\" \/>\n\t<meta name=\"twitter:data2\" content=\"7 minutes\" \/>\n<script type=\"application\/ld+json\" class=\"yoast-schema-graph\">{\"@context\":\"https:\/\/schema.org\",\"@graph\":[{\"@type\":\"Article\",\"@id\":\"https:\/\/fish-festival.de\/irgendwas-mit-tieren-fish-laedt-zum-kurzfilmtag\/#article\",\"isPartOf\":{\"@id\":\"https:\/\/fish-festival.de\/irgendwas-mit-tieren-fish-laedt-zum-kurzfilmtag\/\"},\"author\":{\"name\":\"doktorfish\",\"@id\":\"https:\/\/fish-festival.de\/#\/schema\/person\/b19b29c33a68e03a4f13a6fefbffeab4\"},\"headline\":\"Irgendwas mit Tieren &#8211; FiSH l\u00e4dt zum Kurzfilmtag\",\"datePublished\":\"2019-12-12T10:38:36+00:00\",\"dateModified\":\"2019-12-12T10:40:45+00:00\",\"mainEntityOfPage\":{\"@id\":\"https:\/\/fish-festival.de\/irgendwas-mit-tieren-fish-laedt-zum-kurzfilmtag\/\"},\"wordCount\":1462,\"publisher\":{\"@id\":\"https:\/\/fish-festival.de\/#organization\"},\"keywords\":[\"ag kurzfilm\",\"Frieda23\",\"kurzfilmtag\",\"open-air\",\"Rostock\"],\"articleSection\":[\"Allgemein\"],\"inLanguage\":\"en-US\"},{\"@type\":\"WebPage\",\"@id\":\"https:\/\/fish-festival.de\/irgendwas-mit-tieren-fish-laedt-zum-kurzfilmtag\/\",\"url\":\"https:\/\/fish-festival.de\/irgendwas-mit-tieren-fish-laedt-zum-kurzfilmtag\/\",\"name\":\"Irgendwas mit Tieren - FiSH l\u00e4dt zum Kurzfilmtag &ndash; FiSH\",\"isPartOf\":{\"@id\":\"https:\/\/fish-festival.de\/#website\"},\"datePublished\":\"2019-12-12T10:38:36+00:00\",\"dateModified\":\"2019-12-12T10:40:45+00:00\",\"breadcrumb\":{\"@id\":\"https:\/\/fish-festival.de\/irgendwas-mit-tieren-fish-laedt-zum-kurzfilmtag\/#breadcrumb\"},\"inLanguage\":\"en-US\",\"potentialAction\":[{\"@type\":\"ReadAction\",\"target\":[\"https:\/\/fish-festival.de\/irgendwas-mit-tieren-fish-laedt-zum-kurzfilmtag\/\"]}]},{\"@type\":\"BreadcrumbList\",\"@id\":\"https:\/\/fish-festival.de\/irgendwas-mit-tieren-fish-laedt-zum-kurzfilmtag\/#breadcrumb\",\"itemListElement\":[{\"@type\":\"ListItem\",\"position\":1,\"name\":\"Startseite\",\"item\":\"https:\/\/fish-festival.de\/en\/home\/\"},{\"@type\":\"ListItem\",\"position\":2,\"name\":\"Irgendwas mit Tieren &#8211; FiSH l\u00e4dt zum Kurzfilmtag\"}]},{\"@type\":\"WebSite\",\"@id\":\"https:\/\/fish-festival.de\/#website\",\"url\":\"https:\/\/fish-festival.de\/\",\"name\":\"FiSH\",\"description\":\"\",\"publisher\":{\"@id\":\"https:\/\/fish-festival.de\/#organization\"},\"potentialAction\":[{\"@type\":\"SearchAction\",\"target\":{\"@type\":\"EntryPoint\",\"urlTemplate\":\"https:\/\/fish-festival.de\/?s={search_term_string}\"},\"query-input\":\"required name=search_term_string\"}],\"inLanguage\":\"en-US\"},{\"@type\":\"Organization\",\"@id\":\"https:\/\/fish-festival.de\/#organization\",\"name\":\"FiSH\",\"url\":\"https:\/\/fish-festival.de\/\",\"logo\":{\"@type\":\"ImageObject\",\"inLanguage\":\"en-US\",\"@id\":\"https:\/\/fish-festival.de\/#\/schema\/logo\/image\/\",\"url\":\"https:\/\/fish-festival.de\/wp-content\/uploads\/2021\/10\/FiSH21-Preisverleihung-5-1024x682.jpg\",\"contentUrl\":\"https:\/\/fish-festival.de\/wp-content\/uploads\/2021\/10\/FiSH21-Preisverleihung-5-1024x682.jpg\",\"width\":1024,\"height\":682,\"caption\":\"FiSH\"},\"image\":{\"@id\":\"https:\/\/fish-festival.de\/#\/schema\/logo\/image\/\"},\"sameAs\":[\"https:\/\/www.instagram.com\/fish_filmfestival\/\",\"https:\/\/www.youtube.com\/user\/FishFestival\",\"https:\/\/www.facebook.com\/fish.filmfestival\",\"https:\/\/twitter.com\/fishfestival\"]},{\"@type\":\"Person\",\"@id\":\"https:\/\/fish-festival.de\/#\/schema\/person\/b19b29c33a68e03a4f13a6fefbffeab4\",\"name\":\"doktorfish\",\"image\":{\"@type\":\"ImageObject\",\"inLanguage\":\"en-US\",\"@id\":\"https:\/\/fish-festival.de\/#\/schema\/person\/image\/\",\"url\":\"https:\/\/secure.gravatar.com\/avatar\/30201a6d2501a1e2d3a50f2cc995da62?s=96&d=mm&r=g\",\"contentUrl\":\"https:\/\/secure.gravatar.com\/avatar\/30201a6d2501a1e2d3a50f2cc995da62?s=96&d=mm&r=g\",\"caption\":\"doktorfish\"}}]}<\/script>\n<!-- \/ Yoast SEO plugin. -->","yoast_head_json":{"title":"Irgendwas mit Tieren - FiSH l\u00e4dt zum Kurzfilmtag &ndash; FiSH","robots":{"index":"index","follow":"follow","max-snippet":"max-snippet:-1","max-image-preview":"max-image-preview:large","max-video-preview":"max-video-preview:-1"},"canonical":"https:\/\/fish-festival.de\/irgendwas-mit-tieren-fish-laedt-zum-kurzfilmtag\/","og_locale":"en_US","og_type":"article","og_title":"Irgendwas mit Tieren - FiSH l\u00e4dt zum Kurzfilmtag &ndash; FiSH","og_description":"Unter dem Motto \"Irgendwas mit Tieren\" l\u00e4dt das FiSH-Team am 17. Dezember zum kostenfreien Open-Air-Kino an der FRIEDA23.","og_url":"https:\/\/fish-festival.de\/irgendwas-mit-tieren-fish-laedt-zum-kurzfilmtag\/","og_site_name":"FiSH","article_publisher":"https:\/\/www.facebook.com\/fish.filmfestival","article_published_time":"2019-12-12T10:38:36+00:00","article_modified_time":"2019-12-12T10:40:45+00:00","og_image":[{"width":1024,"height":576,"url":"https:\/\/fish-festival.de\/wp-content\/uploads\/2019\/12\/fish20-kurzfilmtag-1024x576.png","type":"image\/png"}],"author":"doktorfish","twitter_misc":{"Written by":"doktorfish","Est. reading time":"7 minutes"},"schema":{"@context":"https:\/\/schema.org","@graph":[{"@type":"Article","@id":"https:\/\/fish-festival.de\/irgendwas-mit-tieren-fish-laedt-zum-kurzfilmtag\/#article","isPartOf":{"@id":"https:\/\/fish-festival.de\/irgendwas-mit-tieren-fish-laedt-zum-kurzfilmtag\/"},"author":{"name":"doktorfish","@id":"https:\/\/fish-festival.de\/#\/schema\/person\/b19b29c33a68e03a4f13a6fefbffeab4"},"headline":"Irgendwas mit Tieren &#8211; FiSH l\u00e4dt zum Kurzfilmtag","datePublished":"2019-12-12T10:38:36+00:00","dateModified":"2019-12-12T10:40:45+00:00","mainEntityOfPage":{"@id":"https:\/\/fish-festival.de\/irgendwas-mit-tieren-fish-laedt-zum-kurzfilmtag\/"},"wordCount":1462,"publisher":{"@id":"https:\/\/fish-festival.de\/#organization"},"keywords":["ag kurzfilm","Frieda23","kurzfilmtag","open-air","Rostock"],"articleSection":["Allgemein"],"inLanguage":"en-US"},{"@type":"WebPage","@id":"https:\/\/fish-festival.de\/irgendwas-mit-tieren-fish-laedt-zum-kurzfilmtag\/","url":"https:\/\/fish-festival.de\/irgendwas-mit-tieren-fish-laedt-zum-kurzfilmtag\/","name":"Irgendwas mit Tieren - FiSH l\u00e4dt zum Kurzfilmtag &ndash; FiSH","isPartOf":{"@id":"https:\/\/fish-festival.de\/#website"},"datePublished":"2019-12-12T10:38:36+00:00","dateModified":"2019-12-12T10:40:45+00:00","breadcrumb":{"@id":"https:\/\/fish-festival.de\/irgendwas-mit-tieren-fish-laedt-zum-kurzfilmtag\/#breadcrumb"},"inLanguage":"en-US","potentialAction":[{"@type":"ReadAction","target":["https:\/\/fish-festival.de\/irgendwas-mit-tieren-fish-laedt-zum-kurzfilmtag\/"]}]},{"@type":"BreadcrumbList","@id":"https:\/\/fish-festival.de\/irgendwas-mit-tieren-fish-laedt-zum-kurzfilmtag\/#breadcrumb","itemListElement":[{"@type":"ListItem","position":1,"name":"Startseite","item":"https:\/\/fish-festival.de\/en\/home\/"},{"@type":"ListItem","position":2,"name":"Irgendwas mit Tieren &#8211; FiSH l\u00e4dt zum Kurzfilmtag"}]},{"@type":"WebSite","@id":"https:\/\/fish-festival.de\/#website","url":"https:\/\/fish-festival.de\/","name":"FiSH","description":"","publisher":{"@id":"https:\/\/fish-festival.de\/#organization"},"potentialAction":[{"@type":"SearchAction","target":{"@type":"EntryPoint","urlTemplate":"https:\/\/fish-festival.de\/?s={search_term_string}"},"query-input":"required name=search_term_string"}],"inLanguage":"en-US"},{"@type":"Organization","@id":"https:\/\/fish-festival.de\/#organization","name":"FiSH","url":"https:\/\/fish-festival.de\/","logo":{"@type":"ImageObject","inLanguage":"en-US","@id":"https:\/\/fish-festival.de\/#\/schema\/logo\/image\/","url":"https:\/\/fish-festival.de\/wp-content\/uploads\/2021\/10\/FiSH21-Preisverleihung-5-1024x682.jpg","contentUrl":"https:\/\/fish-festival.de\/wp-content\/uploads\/2021\/10\/FiSH21-Preisverleihung-5-1024x682.jpg","width":1024,"height":682,"caption":"FiSH"},"image":{"@id":"https:\/\/fish-festival.de\/#\/schema\/logo\/image\/"},"sameAs":["https:\/\/www.instagram.com\/fish_filmfestival\/","https:\/\/www.youtube.com\/user\/FishFestival","https:\/\/www.facebook.com\/fish.filmfestival","https:\/\/twitter.com\/fishfestival"]},{"@type":"Person","@id":"https:\/\/fish-festival.de\/#\/schema\/person\/b19b29c33a68e03a4f13a6fefbffeab4","name":"doktorfish","image":{"@type":"ImageObject","inLanguage":"en-US","@id":"https:\/\/fish-festival.de\/#\/schema\/person\/image\/","url":"https:\/\/secure.gravatar.com\/avatar\/30201a6d2501a1e2d3a50f2cc995da62?s=96&d=mm&r=g","contentUrl":"https:\/\/secure.gravatar.com\/avatar\/30201a6d2501a1e2d3a50f2cc995da62?s=96&d=mm&r=g","caption":"doktorfish"}}]}},"_links":{"self":[{"href":"https:\/\/fish-festival.de\/en\/wp-json\/wp\/v2\/posts\/13867","targetHints":{"allow":["GET"]}}],"collection":[{"href":"https:\/\/fish-festival.de\/en\/wp-json\/wp\/v2\/posts"}],"about":[{"href":"https:\/\/fish-festival.de\/en\/wp-json\/wp\/v2\/types\/post"}],"author":[{"embeddable":true,"href":"https:\/\/fish-festival.de\/en\/wp-json\/wp\/v2\/users\/1"}],"replies":[{"embeddable":true,"href":"https:\/\/fish-festival.de\/en\/wp-json\/wp\/v2\/comments?post=13867"}],"version-history":[{"count":14,"href":"https:\/\/fish-festival.de\/en\/wp-json\/wp\/v2\/posts\/13867\/revisions"}],"predecessor-version":[{"id":13883,"href":"https:\/\/fish-festival.de\/en\/wp-json\/wp\/v2\/posts\/13867\/revisions\/13883"}],"wp:featuredmedia":[{"embeddable":true,"href":"https:\/\/fish-festival.de\/en\/wp-json\/wp\/v2\/media\/13868"}],"wp:attachment":[{"href":"https:\/\/fish-festival.de\/en\/wp-json\/wp\/v2\/media?parent=13867"}],"wp:term":[{"taxonomy":"category","embeddable":true,"href":"https:\/\/fish-festival.de\/en\/wp-json\/wp\/v2\/categories?post=13867"},{"taxonomy":"post_tag","embeddable":true,"href":"https:\/\/fish-festival.de\/en\/wp-json\/wp\/v2\/tags?post=13867"}],"curies":[{"name":"wp","href":"https:\/\/api.w.org\/{rel}","templated":true}]}}